{"id":42455,"date":"2023-10-24T17:26:00","date_gmt":"2023-10-24T09:26:00","guid":{"rendered":"https:\/\/gremi-obres.org\/resum-de-la-jornada-rime-del-19-10-2023\/"},"modified":"2023-12-20T17:45:02","modified_gmt":"2023-12-20T09:45:02","slug":"resumen-de-la-jornada-rime-del-19-10-2023","status":"publish","type":"post","link":"https:\/\/www.gremi-obres.org\/es\/resumen-de-la-jornada-rime-del-19-10-2023\/","title":{"rendered":"Resumen de la jornada RiMe del 19\/10\/2023"},"content":{"rendered":"<h3>Tem\u00e1tica de la sesi\u00f3n: Programa Construyendo Empleo: Conectando profesionales y empresas. \/ Estrategias y herramientas para la toma de decisiones en la rehabilitaci\u00f3n energ\u00e9tica de viviendas. Simulando el comportamiento de los edificios.<\/h3>\n<p><strong>La nueva jornada de la Comissi\u00f3 de Rehabilitaci\u00f3 i Manteniment dels Edificis (RiMe), celebrada el pasado jueves 19 de 0ctubre de 2023 en la sede del Gremio, estuvo dedicada a las estrategias y herramientas para la toma de decisiones en la rehabilitaci\u00f3n energ\u00e9tica de viviendas.<\/strong><\/p>\n<p>La jornada cont\u00f3 con la presencia destacada del director t\u00e9cnico del Institut de tecnologia de la Construcci\u00f3 de Catalunya (ITeC), <strong>Ferran Bermejo Nualart<\/strong> y la secretaria de la Fundaci\u00f3n Laboral de la Construcci\u00f3n de Catalu\u00f1a y gerente del Gremi, <strong>Mercedes Polo.<\/strong><\/p>\n<h4>Primera parte: presentaci\u00f3n y bienvenida. Estrategias y herramientas para la toma de decisiones en la rehabilitaci\u00f3n energ\u00e9tica de viviendas. Simulaci\u00f3n del comportamiento de los edificios.<\/h4>\n<p>Como presentaci\u00f3n y bienvenida del debate, <strong>Josep Antoni Mart\u00ednez Zaplana<\/strong>, presidente del Gremi y de la RiME, record\u00f3 que estas sesiones RiMe se organizan para que las empresas rehabilitadoras del Gremio y representantes de otros actores de la actividad puedan debatir cuestiones de actualidad y buscar consenso para resolver problemas propios del sector.<\/p>\n<p>Seguidamente, Mart\u00ednez explic\u00f3 que esta jornada, como en las \u00faltimas sesiones que se celebraron, va en continuidad con los asuntos referentes al fondo Next Generation y las subvenciones para la sostenibilidad y eficiencia energ\u00e9tica de los edificios. Uno de los objetivos de estas subvenciones, enfatiz\u00f3 Mart\u00ednez, es la recuperaci\u00f3n de la econom\u00eda a ra\u00edz de la pandemia de 2020, y por tanto una comunidad de propietarios que rehabilita su edificio no s\u00f3lo contribuye a rehabilitar su fachada y\/o vivienda sino que tambi\u00e9n contribuye a mejorar la econom\u00eda de su zona local.<\/p>\n<p>Finalizada esta introducci\u00f3n, Mart\u00ednez dio la palabra a <strong>Ferran Bermejo, director t\u00e9cnico del ITeC<\/strong> quien abri\u00f3 su ponencia dirigi\u00e9ndose a la sala para exponer que \u201chay que multiplicar por diez el esfuerzo de rehabilitar para poder llegar a los compromisos de 2030 y 2050 que plantea Europa\u201d. Esto, sigui\u00f3 diciendo, plantea el gran reto de c\u00f3mo movilizar a todo el sector para \u201censanchar la comunicaci\u00f3n, poner las cosas f\u00e1ciles a todos los niveles para poder llegar al objetivo\u201d. Con esta intenci\u00f3n, desde el ITeC y en colaboraci\u00f3n con la Agencia de l&#8217;Habitatge, el Col\u00b7legi de l\u2019Arquitectura T\u00e8cnica de Barcelona (CATEB) y el Col\u00b7legi d\u2019Arquitectes de Catalunya (COAC) se desarroll\u00f3 una herramienta dirigida a facilitar el predimensionado de los principales par\u00e1metros de rehabilitaci\u00f3n, cuyo cumplimiento puede dar acceso a la obtenci\u00f3n de subvenciones de las campa\u00f1as que se han puesto en marcha en el marco de los fondos Next Generation. Sin embargo, hay que tener en cuenta que esta no es una herramienta de certificaci\u00f3n energ\u00e9tica ni pretende sustituirlas en los procesos de redacci\u00f3n de proyectos o de certificaci\u00f3n posteriores a la ejecuci\u00f3n de una obra. Esta herramienta, sin embargo, est\u00e1 basada en la UNE-EN-ISO 52016-1:2017 que asegura una relaci\u00f3n de proximidad con los valores de la certificaci\u00f3n.<\/p>\n<p>Herramienta de soporte al predimensionado de rehabilitaci\u00f3n energ\u00e9tica de edificios de viviendas (ESPREH): <a href=\"https:\/\/itec.cat\/programes\/espreh\/\">https:\/\/itec.cat\/programes\/espreh\/<\/a><\/p>\n<p>Durante su intervenci\u00f3n, Bermejo record\u00f3 que es necesario tener presente las condiciones b\u00e1sicas fundamentales para acceder a estas subvenciones, cuya base especifica que los edificios deben cumplir dos requisitos: la reducci\u00f3n de la demanda y la reducci\u00f3n de consumo.<\/p>\n<p>Bermejo tambi\u00e9n apunt\u00f3 una \u201ccuesti\u00f3n que se escapa del Real Decreto\u201d y es la prelaci\u00f3n en la ejecuci\u00f3n de las intervenciones: a la hora de realizar la rehabilitaci\u00f3n energ\u00e9tica de un edificio y mejorar su eficiencia energ\u00e9tica se realizan varias actuaciones que a veces no implican coste y que debido a esto pasan inadvertidas y no se transmite el valor o importancia que pueden tener a la hora de mejorar la eficiencia energ\u00e9tica de una vivienda. Un orden l\u00f3gico a seguir, indic\u00f3 Bermejo, puede ser:<\/p>\n<ol>\n<li>Control: utilizar bien los medios de control que tenemos en el edificio (por ejemplo, el termostato).<\/li>\n<li>Contrataci\u00f3n: cambiar suministrador de energ\u00eda en casa, comparaci\u00f3n de precios, etc.<\/li>\n<li>Medidas pasivas.<\/li>\n<li>Medidas activas.<\/li>\n<li>Captaci\u00f3n de energ\u00eda renovable: por ejemplo, las placas solares.<\/li>\n<\/ol>\n<p>Estos \u00faltimos 3 puntos, har\u00edan un \u00fanico bloque donde se interviene con obra de forma que los t\u00e9cnicos con el estudio de dise\u00f1o y proyecto consiguen la mejor soluci\u00f3n de ahorro energ\u00e9tico para ese edificio y que cubren las condiciones de las subvenciones. Como \u00faltimo punto,<\/p>\n<p style=\"padding-left: 40px;\">6. Es necesario un mantenimiento de las instalaciones para que a lo largo de los a\u00f1os sigan funcionando con las mismas expectativas con las que se instalaron.<\/p>\n<p>Por \u00faltimo, Ferran Bermejo hizo algunas recomendaciones revisando lo que se coment\u00f3 durante su intervenci\u00f3n: analizar cada caso, resaltar el papel de los t\u00e9cnicos en la definici\u00f3n de la actuaci\u00f3n y el dise\u00f1o formal de \u00e9sta, planificar en base a prelaci\u00f3n de actuaci\u00f3n y programarlas, tener claro que m\u00e1s all\u00e1 de las obras hay actuaciones de coste casi nulo y que el sistema establecido por el RD, intenta animar m\u00e1s all\u00e1 de los l\u00edmites m\u00ednimos: \u201csi hemos logrado los m\u00ednimos energ\u00e9ticos que nos est\u00e1n pidiendo en el volumen de la obra que queremos realizar, podemos a\u00f1adir obras que no tienen una finalidad energ\u00e9tica [&#8230;], siempre y cuando se cumpla con la parte concedida [de los m\u00ednimos energ\u00e9ticos subvencionados]\u201d.<\/p>\n<h4><a href=\"https:\/\/gremi-obres.org\/wp-content\/uploads\/2023\/10\/ITeC_Gremi-COBC-1.pdf\"><span style=\"color: #333399;\">&#8211;Enlace de presentaci\u00f3n de esta parte de la jornada<\/span><\/a><\/h4>\n<h3>Parte 2: Programa Construyendo Empleo: Conectando profesionales y empresas<\/h3>\n<p>Finalizada esta primera parte de la reuni\u00f3n, se dej\u00f3 un tiempo para responder a las preguntas y resolver dudas de los presentes durante la intervenci\u00f3n del director t\u00e9cnico del ITeC, ya continuaci\u00f3n, el presidente de la Comisi\u00f3n RiMe y del Gremi, Josep Antoni Mart\u00ednez , dio la palabra a <strong>Merc\u00e8 Polo, secretar\u00eda de la Fundaci\u00f3n Laboral de la Construcci\u00f3n de Catalu\u00f1a y gerente del Gremi de Constructors.<\/strong><\/p>\n<p><strong><img loading=\"lazy\" decoding=\"async\" class=\"alignnone wp-image-42449 size-full\" src=\"https:\/\/gremi-obres.org\/wp-content\/uploads\/2023\/10\/WhatsApp-Image-2023-10-19-at-11.03.43-1.jpeg\" alt=\"Jornada Rime _ merc\u00e8 polo gremi de constructors\" width=\"1600\" height=\"1200\" srcset=\"https:\/\/www.gremi-obres.org\/wp-content\/uploads\/2023\/10\/WhatsApp-Image-2023-10-19-at-11.03.43-1.jpeg 1600w, https:\/\/www.gremi-obres.org\/wp-content\/uploads\/2023\/10\/WhatsApp-Image-2023-10-19-at-11.03.43-1-300x225.jpeg 300w, https:\/\/www.gremi-obres.org\/wp-content\/uploads\/2023\/10\/WhatsApp-Image-2023-10-19-at-11.03.43-1-1024x768.jpeg 1024w, https:\/\/www.gremi-obres.org\/wp-content\/uploads\/2023\/10\/WhatsApp-Image-2023-10-19-at-11.03.43-1-768x576.jpeg 768w, https:\/\/www.gremi-obres.org\/wp-content\/uploads\/2023\/10\/WhatsApp-Image-2023-10-19-at-11.03.43-1-1536x1152.jpeg 1536w, https:\/\/www.gremi-obres.org\/wp-content\/uploads\/2023\/10\/WhatsApp-Image-2023-10-19-at-11.03.43-1-800x600.jpeg 800w, https:\/\/www.gremi-obres.org\/wp-content\/uploads\/2023\/10\/WhatsApp-Image-2023-10-19-at-11.03.43-1-700x525.jpeg 700w\" sizes=\"auto, (max-width: 1600px) 100vw, 1600px\" \/><\/strong><\/p>\n<p>Polo explic\u00f3 las \u00faltimas novedades que se incorporan a la iniciativa de la Fundaci\u00f3n Laboral con el proyecto Construyendo Empleo que hace diez a\u00f1os naci\u00f3 por la necesidad de mano de obra por las empresas que pusieron de manifiesto que el relevo generacional no se estaba produciendo. Desde entonces se consider\u00f3 necesario trasladar desde las asociaciones patronales a la propia Fundaci\u00f3n que hab\u00eda que hacer algo para atraer o intentar recoger personal por el sector. Se crea este proyecto, en una primera fase, con una serie de encuestas en las que las empresas manifestaban sus necesidades de plantilla y con la colaboraci\u00f3n de las partes sindicales, que tambi\u00e9n ten\u00edan una parte activa, que se encargaban de llevar trabajadores que estaban en situaci\u00f3n de paro. De esta forma se hizo un cruce de base de datos para cubrir las necesidades de la empresa. A ra\u00edz de esto, salieron otras utilidades, como la bolsa de trabajo que ahora se ha transformado. Desde el gremio, dijo Polo, pensamos que es una herramienta interesante. La bolsa de la Fundaci\u00f3n es mucho m\u00e1s amplia y abarca todo el territorio, la Fundaci\u00f3n tiene m\u00e1s recursos que pueden aprovechar y de ah\u00ed las \u00faltimas mejoras, tanto de la web www.construyendoempleo.com como de su versi\u00f3n m\u00f3vil (APP), el desarrollo de una campa\u00f1a de comunicaci\u00f3n y difusi\u00f3n en la que el Gremio tambi\u00e9n somos parte implicada. Llegados a este punto, Merc\u00e8 Polo, hizo una peque\u00f1a explicaci\u00f3n del funcionamiento de la p\u00e1gina web y la app, de las funciones que podemos encontrar y de las utilidades que podemos darle..<\/p>\n<div style=\"left: 0; width: 100%; height: 0; position: relative; padding-bottom: 56.25%;\"><iframe style=\"top: 0; left: 0; width: 100%; height: 100%; position: absolute; border: 0;\" src=\"https:\/\/www.youtube.com\/embed\/zVKTvsHVDkE?rel=0\" scrolling=\"no\" allowfullscreen=\"allowfullscreen\"><\/iframe><\/div>\n<p>&nbsp;<\/p>\n<h4>Tercera parte: Clausura de la sesi\u00f3n y Networking<\/h4>\n<p>Finalmente, RiMe agradeci\u00f3 a los ponentes su participaci\u00f3n en la sesi\u00f3n e invit\u00f3 al resto de asistentes a resolver cualquier cuesti\u00f3n que hubiera surgido durante las presentaciones. Resueltas las dudas, el presidente del Gremio, Josep Antoni Mart\u00ednez, anim\u00f3 a los asistentes a disfrutar del desayuno preparado para esta ocasi\u00f3n, invit\u00e1ndoles tambi\u00e9n a aprovechar este momento de distensi\u00f3n para establecer un peque\u00f1o networking y compartir intereses del sector .<\/p>\n","protected":false},"excerpt":{"rendered":"<p>Tem\u00e1tica de la sesi\u00f3n: Programa Construyendo Empleo: Conectando profesionales y empresas. \/ Estrategias y herramientas para la toma de decisiones en la rehabilitaci\u00f3n energ\u00e9tica de viviendas. Simulando el comportamiento de los edificios. La nueva jornada de la Comissi\u00f3 de Rehabilitaci\u00f3 i Manteniment dels Edificis (RiMe), celebrada el pasado jueves 19 de 0ctubre de 2023 en la sede del Gremio, estuvo dedicada a las estrategias y herramientas para la toma de decisiones en la rehabilitaci\u00f3n energ\u00e9tica de viviendas. La jornada cont\u00f3 con la presencia destacada del director t\u00e9cnico del Institut de tecnologia de la Construcci\u00f3 de Catalunya (ITeC), Ferran Bermejo Nualart<\/p>\n","protected":false},"author":1,"featured_media":42452,"comment_status":"closed","ping_status":"open","sticky":false,"template":"","format":"standard","meta":{"_acf_changed":false,"footnotes":""},"categories":[570,348],"tags":[],"class_list":["post-42455","post","type-post","status-publish","format-standard","has-post-thumbnail","hentry","category-rime-es","category-sin-categorizar"],"acf":[],"yoast_head":"<!-- This site is optimized with the Yoast SEO plugin v26.6 - https:\/\/yoast.com\/wordpress\/plugins\/seo\/ -->\n<title>Resumen de la jornada RiMe del 19\/10\/2023 - Gremi de Constructors<\/title>\n<meta name=\"description\" content=\"La jornada de la Comissi\u00f3 de Rehabilitaci\u00f3 i Manteniment dels Edificis (RiMe), estuvo dedicada a las estrategias en la rehabilitaci\u00f3n energ\u00e9tica\" \/>\n<meta name=\"robots\" content=\"index, follow, max-snippet:-1, max-image-preview:large, max-video-preview:-1\" \/>\n<link rel=\"canonical\" href=\"https:\/\/www.gremi-obres.org\/resum-de-la-jornada-rime-del-19-10-2023\/\" \/>\n<meta property=\"og:locale\" content=\"es_ES\" \/>\n<meta property=\"og:type\" content=\"article\" \/>\n<meta property=\"og:title\" content=\"Resumen de la jornada RiMe del 19\/10\/2023 - Gremi de Constructors\" \/>\n<meta property=\"og:description\" content=\"La jornada de la Comissi\u00f3 de Rehabilitaci\u00f3 i Manteniment dels Edificis (RiMe), estuvo dedicada a las estrategias en la rehabilitaci\u00f3n energ\u00e9tica\" \/>\n<meta property=\"og:url\" content=\"https:\/\/www.gremi-obres.org\/resum-de-la-jornada-rime-del-19-10-2023\/\" \/>\n<meta property=\"og:site_name\" content=\"Gremi de Constructors d&#039;Obres de Barcelona i Comarques\" \/>\n<meta property=\"article:published_time\" content=\"2023-10-24T09:26:00+00:00\" \/>\n<meta property=\"article:modified_time\" content=\"2023-12-20T09:45:02+00:00\" \/>\n<meta property=\"og:image\" content=\"https:\/\/www.gremi-obres.org\/wp-content\/uploads\/2023\/10\/Diseno-sin-titulo-34.png\" \/>\n\t<meta property=\"og:image:width\" content=\"1200\" \/>\n\t<meta property=\"og:image:height\" content=\"800\" \/>\n\t<meta property=\"og:image:type\" content=\"image\/png\" \/>\n<meta name=\"author\" content=\"admin\" \/>\n<meta name=\"twitter:card\" content=\"summary_large_image\" \/>\n<meta name=\"twitter:label1\" content=\"Escrito por\" \/>\n\t<meta name=\"twitter:data1\" content=\"admin\" \/>\n\t<meta name=\"twitter:label2\" content=\"Tiempo de lectura\" \/>\n\t<meta name=\"twitter:data2\" content=\"6 minutos\" \/>\n<script type=\"application\/ld+json\" class=\"yoast-schema-graph\">{\"@context\":\"https:\/\/schema.org\",\"@graph\":[{\"@type\":\"WebPage\",\"@id\":\"https:\/\/www.gremi-obres.org\/resum-de-la-jornada-rime-del-19-10-2023\/\",\"url\":\"https:\/\/www.gremi-obres.org\/resum-de-la-jornada-rime-del-19-10-2023\/\",\"name\":\"Resumen de la jornada RiMe del 19\/10\/2023 - Gremi de Constructors\",\"isPartOf\":{\"@id\":\"https:\/\/www.gremi-obres.org\/#website\"},\"primaryImageOfPage\":{\"@id\":\"https:\/\/www.gremi-obres.org\/resum-de-la-jornada-rime-del-19-10-2023\/#primaryimage\"},\"image\":{\"@id\":\"https:\/\/www.gremi-obres.org\/resum-de-la-jornada-rime-del-19-10-2023\/#primaryimage\"},\"thumbnailUrl\":\"https:\/\/www.gremi-obres.org\/wp-content\/uploads\/2023\/10\/Diseno-sin-titulo-34.png\",\"datePublished\":\"2023-10-24T09:26:00+00:00\",\"dateModified\":\"2023-12-20T09:45:02+00:00\",\"author\":{\"@id\":\"https:\/\/www.gremi-obres.org\/#\/schema\/person\/0899d1bf9c0590005d47809f9315d840\"},\"description\":\"La jornada de la Comissi\u00f3 de Rehabilitaci\u00f3 i Manteniment dels Edificis (RiMe), estuvo dedicada a las estrategias en la rehabilitaci\u00f3n energ\u00e9tica\",\"breadcrumb\":{\"@id\":\"https:\/\/www.gremi-obres.org\/resum-de-la-jornada-rime-del-19-10-2023\/#breadcrumb\"},\"inLanguage\":\"es\",\"potentialAction\":[{\"@type\":\"ReadAction\",\"target\":[\"https:\/\/www.gremi-obres.org\/resum-de-la-jornada-rime-del-19-10-2023\/\"]}]},{\"@type\":\"ImageObject\",\"inLanguage\":\"es\",\"@id\":\"https:\/\/www.gremi-obres.org\/resum-de-la-jornada-rime-del-19-10-2023\/#primaryimage\",\"url\":\"https:\/\/www.gremi-obres.org\/wp-content\/uploads\/2023\/10\/Diseno-sin-titulo-34.png\",\"contentUrl\":\"https:\/\/www.gremi-obres.org\/wp-content\/uploads\/2023\/10\/Diseno-sin-titulo-34.png\",\"width\":1200,\"height\":800,\"caption\":\"Jornada Rime\"},{\"@type\":\"BreadcrumbList\",\"@id\":\"https:\/\/www.gremi-obres.org\/resum-de-la-jornada-rime-del-19-10-2023\/#breadcrumb\",\"itemListElement\":[{\"@type\":\"ListItem\",\"position\":1,\"name\":\"Inici\",\"item\":\"https:\/\/www.gremi-obres.org\/es\/\"},{\"@type\":\"ListItem\",\"position\":2,\"name\":\"Resumen de la jornada RiMe del 19\/10\/2023\"}]},{\"@type\":\"WebSite\",\"@id\":\"https:\/\/www.gremi-obres.org\/#website\",\"url\":\"https:\/\/www.gremi-obres.org\/\",\"name\":\"Gremi de Constructors d&#039;Obres de Barcelona i Comarques\",\"description\":\"La missi\u00f3 del Gremi \u00e9s la de defensar els  interessos de les empreses constructores i rehabilitadores agremiades i recolzar-les en les necessitats de la seva activitat mitjan\u00e7ant serveis, recursos, formaci\u00f3, assessorament i informaci\u00f3\",\"potentialAction\":[{\"@type\":\"SearchAction\",\"target\":{\"@type\":\"EntryPoint\",\"urlTemplate\":\"https:\/\/www.gremi-obres.org\/?s={search_term_string}\"},\"query-input\":{\"@type\":\"PropertyValueSpecification\",\"valueRequired\":true,\"valueName\":\"search_term_string\"}}],\"inLanguage\":\"es\"},{\"@type\":\"Person\",\"@id\":\"https:\/\/www.gremi-obres.org\/#\/schema\/person\/0899d1bf9c0590005d47809f9315d840\",\"name\":\"admin\",\"image\":{\"@type\":\"ImageObject\",\"inLanguage\":\"es\",\"@id\":\"https:\/\/www.gremi-obres.org\/#\/schema\/person\/image\/\",\"url\":\"https:\/\/secure.gravatar.com\/avatar\/01f1708c07ad1e96486b333b447c55a6639abb2e7fe8911639cdafa4ee687367?s=96&d=mm&r=g\",\"contentUrl\":\"https:\/\/secure.gravatar.com\/avatar\/01f1708c07ad1e96486b333b447c55a6639abb2e7fe8911639cdafa4ee687367?s=96&d=mm&r=g\",\"caption\":\"admin\"},\"url\":\"https:\/\/www.gremi-obres.org\/es\/author\/admin\/\"}]}<\/script>\n<!-- \/ Yoast SEO plugin. -->","yoast_head_json":{"title":"Resumen de la jornada RiMe del 19\/10\/2023 - Gremi de Constructors","description":"La jornada de la Comissi\u00f3 de Rehabilitaci\u00f3 i Manteniment dels Edificis (RiMe), estuvo dedicada a las estrategias en la rehabilitaci\u00f3n energ\u00e9tica","robots":{"index":"index","follow":"follow","max-snippet":"max-snippet:-1","max-image-preview":"max-image-preview:large","max-video-preview":"max-video-preview:-1"},"canonical":"https:\/\/www.gremi-obres.org\/resum-de-la-jornada-rime-del-19-10-2023\/","og_locale":"es_ES","og_type":"article","og_title":"Resumen de la jornada RiMe del 19\/10\/2023 - Gremi de Constructors","og_description":"La jornada de la Comissi\u00f3 de Rehabilitaci\u00f3 i Manteniment dels Edificis (RiMe), estuvo dedicada a las estrategias en la rehabilitaci\u00f3n energ\u00e9tica","og_url":"https:\/\/www.gremi-obres.org\/resum-de-la-jornada-rime-del-19-10-2023\/","og_site_name":"Gremi de Constructors d&#039;Obres de Barcelona i Comarques","article_published_time":"2023-10-24T09:26:00+00:00","article_modified_time":"2023-12-20T09:45:02+00:00","og_image":[{"width":1200,"height":800,"url":"https:\/\/www.gremi-obres.org\/wp-content\/uploads\/2023\/10\/Diseno-sin-titulo-34.png","type":"image\/png"}],"author":"admin","twitter_card":"summary_large_image","twitter_misc":{"Escrito por":"admin","Tiempo de lectura":"6 minutos"},"schema":{"@context":"https:\/\/schema.org","@graph":[{"@type":"WebPage","@id":"https:\/\/www.gremi-obres.org\/resum-de-la-jornada-rime-del-19-10-2023\/","url":"https:\/\/www.gremi-obres.org\/resum-de-la-jornada-rime-del-19-10-2023\/","name":"Resumen de la jornada RiMe del 19\/10\/2023 - Gremi de Constructors","isPartOf":{"@id":"https:\/\/www.gremi-obres.org\/#website"},"primaryImageOfPage":{"@id":"https:\/\/www.gremi-obres.org\/resum-de-la-jornada-rime-del-19-10-2023\/#primaryimage"},"image":{"@id":"https:\/\/www.gremi-obres.org\/resum-de-la-jornada-rime-del-19-10-2023\/#primaryimage"},"thumbnailUrl":"https:\/\/www.gremi-obres.org\/wp-content\/uploads\/2023\/10\/Diseno-sin-titulo-34.png","datePublished":"2023-10-24T09:26:00+00:00","dateModified":"2023-12-20T09:45:02+00:00","author":{"@id":"https:\/\/www.gremi-obres.org\/#\/schema\/person\/0899d1bf9c0590005d47809f9315d840"},"description":"La jornada de la Comissi\u00f3 de Rehabilitaci\u00f3 i Manteniment dels Edificis (RiMe), estuvo dedicada a las estrategias en la rehabilitaci\u00f3n energ\u00e9tica","breadcrumb":{"@id":"https:\/\/www.gremi-obres.org\/resum-de-la-jornada-rime-del-19-10-2023\/#breadcrumb"},"inLanguage":"es","potentialAction":[{"@type":"ReadAction","target":["https:\/\/www.gremi-obres.org\/resum-de-la-jornada-rime-del-19-10-2023\/"]}]},{"@type":"ImageObject","inLanguage":"es","@id":"https:\/\/www.gremi-obres.org\/resum-de-la-jornada-rime-del-19-10-2023\/#primaryimage","url":"https:\/\/www.gremi-obres.org\/wp-content\/uploads\/2023\/10\/Diseno-sin-titulo-34.png","contentUrl":"https:\/\/www.gremi-obres.org\/wp-content\/uploads\/2023\/10\/Diseno-sin-titulo-34.png","width":1200,"height":800,"caption":"Jornada Rime"},{"@type":"BreadcrumbList","@id":"https:\/\/www.gremi-obres.org\/resum-de-la-jornada-rime-del-19-10-2023\/#breadcrumb","itemListElement":[{"@type":"ListItem","position":1,"name":"Inici","item":"https:\/\/www.gremi-obres.org\/es\/"},{"@type":"ListItem","position":2,"name":"Resumen de la jornada RiMe del 19\/10\/2023"}]},{"@type":"WebSite","@id":"https:\/\/www.gremi-obres.org\/#website","url":"https:\/\/www.gremi-obres.org\/","name":"Gremi de Constructors d&#039;Obres de Barcelona i Comarques","description":"La missi\u00f3 del Gremi \u00e9s la de defensar els  interessos de les empreses constructores i rehabilitadores agremiades i recolzar-les en les necessitats de la seva activitat mitjan\u00e7ant serveis, recursos, formaci\u00f3, assessorament i informaci\u00f3","potentialAction":[{"@type":"SearchAction","target":{"@type":"EntryPoint","urlTemplate":"https:\/\/www.gremi-obres.org\/?s={search_term_string}"},"query-input":{"@type":"PropertyValueSpecification","valueRequired":true,"valueName":"search_term_string"}}],"inLanguage":"es"},{"@type":"Person","@id":"https:\/\/www.gremi-obres.org\/#\/schema\/person\/0899d1bf9c0590005d47809f9315d840","name":"admin","image":{"@type":"ImageObject","inLanguage":"es","@id":"https:\/\/www.gremi-obres.org\/#\/schema\/person\/image\/","url":"https:\/\/secure.gravatar.com\/avatar\/01f1708c07ad1e96486b333b447c55a6639abb2e7fe8911639cdafa4ee687367?s=96&d=mm&r=g","contentUrl":"https:\/\/secure.gravatar.com\/avatar\/01f1708c07ad1e96486b333b447c55a6639abb2e7fe8911639cdafa4ee687367?s=96&d=mm&r=g","caption":"admin"},"url":"https:\/\/www.gremi-obres.org\/es\/author\/admin\/"}]}},"jetpack_featured_media_url":"https:\/\/www.gremi-obres.org\/wp-content\/uploads\/2023\/10\/Diseno-sin-titulo-34.png","_links":{"self":[{"href":"https:\/\/www.gremi-obres.org\/es\/wp-json\/wp\/v2\/posts\/42455","targetHints":{"allow":["GET"]}}],"collection":[{"href":"https:\/\/www.gremi-obres.org\/es\/wp-json\/wp\/v2\/posts"}],"about":[{"href":"https:\/\/www.gremi-obres.org\/es\/wp-json\/wp\/v2\/types\/post"}],"author":[{"embeddable":true,"href":"https:\/\/www.gremi-obres.org\/es\/wp-json\/wp\/v2\/users\/1"}],"replies":[{"embeddable":true,"href":"https:\/\/www.gremi-obres.org\/es\/wp-json\/wp\/v2\/comments?post=42455"}],"version-history":[{"count":5,"href":"https:\/\/www.gremi-obres.org\/es\/wp-json\/wp\/v2\/posts\/42455\/revisions"}],"predecessor-version":[{"id":42799,"href":"https:\/\/www.gremi-obres.org\/es\/wp-json\/wp\/v2\/posts\/42455\/revisions\/42799"}],"wp:featuredmedia":[{"embeddable":true,"href":"https:\/\/www.gremi-obres.org\/es\/wp-json\/wp\/v2\/media\/42452"}],"wp:attachment":[{"href":"https:\/\/www.gremi-obres.org\/es\/wp-json\/wp\/v2\/media?parent=42455"}],"wp:term":[{"taxonomy":"category","embeddable":true,"href":"https:\/\/www.gremi-obres.org\/es\/wp-json\/wp\/v2\/categories?post=42455"},{"taxonomy":"post_tag","embeddable":true,"href":"https:\/\/www.gremi-obres.org\/es\/wp-json\/wp\/v2\/tags?post=42455"}],"curies":[{"name":"wp","href":"https:\/\/api.w.org\/{rel}","templated":true}]}}