{"id":28827,"date":"2021-07-05T09:09:14","date_gmt":"2021-07-05T01:09:14","guid":{"rendered":"https:\/\/gremi-obres.org\/?p=28827"},"modified":"2021-07-03T17:11:05","modified_gmt":"2021-07-03T09:11:05","slug":"entrevista-a-pilar-almagro-marcos-ceo-de-vertisub-internacional-sobre-expansio-de-lempresa-i-experiencia-internacional","status":"publish","type":"post","link":"https:\/\/www.gremi-obres.org\/es\/entrevista-a-pilar-almagro-marcos-ceo-de-vertisub-internacional-sobre-expansio-de-lempresa-i-experiencia-internacional\/","title":{"rendered":"Entrevista a Pilar Almagro Marcos, CEO de VertiSub Internacional, sobre expansi\u00f3 de l\u2019empresa i experi\u00e8ncia internacional"},"content":{"rendered":"<h5><strong>En aquest n\u00famero de la revista entrevistem a Pilar Almagro, una interessant empres\u00e0ria del sector i que arran de la crisi econ\u00f2mica del 2007 va expandir la seva empresa arreu del m\u00f3n, amb una forta pres\u00e8ncia a pa\u00efsos sud-americans. L\u2019entrevistem per preguntar-li sobre la seva visi\u00f3 del sector aix\u00ed com de la seva experi\u00e8ncia internacional.<\/strong><\/h5>\n<hr \/>\n<p><strong>-Vertisub \u00e9s ara una empresa multinacional d\u2019arrel barcelonina amb pres\u00e8ncia a pa\u00efsos com el Regne Unit, Xile, Col\u00f2mbia, Per\u00fa, Guatemala i Uruguai &#8230; Com va ser que vau passar d&#8217;una empresa local de Barcelona a treballar en diferents pa\u00efsos? Qu\u00e8 requereix una expansi\u00f3 aix\u00ed?<\/strong><\/p>\n<p>Vertisub va comen\u00e7ar a Barcelona. Vam veure que hi havia un n\u00ednxol ecol\u00f2gic buit. Nosaltres pod\u00edem accedir a qualsevol lloc amb facilitat i seguretat, i un cop aqu\u00ed, fer la feina. Abans de nosaltres era molt cost\u00f3s i arriscat realitzar certs treballs, com la neteja i reparaci\u00f3 interior d&#8217;una sitja en un ambient explosiu, eliminar residus del circuit secundari d&#8217;una central nuclear, fer els canvis de disc de les tuneladores de metro de Barcelona o embellir la est\u00e0tua de Colom.<\/p>\n<p>Doncs b\u00e9, davant la crisi que patim a la fi de l&#8217;any 2007 a Espanya, amb un descens sobtat de el 70% de les vendes i dilacions de pagaments de les grans empreses per a les quals treball\u00e0vem, vaig pensar que pod\u00edem fer dues coses: o vendre coses noves al mateix lloc (Espanya) o vendre el mateix en altres llocs (el m\u00f3n) Vaig optar per la segona opci\u00f3, sense descartar el primer, i avui dia Vertisub \u00e9s un grup d&#8217;empreses que brinden solucions singulars a problemes complexos en entorns de risc.<\/p>\n<p>Com veus, no ens encasellem en cap n\u00ednxol concret, per\u00f2, som els millors en alguns d&#8217;ells, com en manteniment d&#8217;aerogeneradors i hidroel\u00e8ctriques, sent l\u00edders a Sud-Am\u00e8rica. Aquesta visi\u00f3 del que fa la companyia ens mant\u00e9 en tensi\u00f3 permanent. Tensi\u00f3 entre el que ens eleva i ens enfonsa. Tensi\u00f3 per mantenir la corda sobre la qual fer equilibris. A aix\u00f2 tamb\u00e9 se l&#8217;anomena innovaci\u00f3.<\/p>\n<p>Quan vaig marxar, primer a Xile, em desitjaven sort. Jo ja comptava amb ella, perqu\u00e8 el \u00abno hi ha m\u00e9s remei\u00bb funciona. Moltes coses es fan perqu\u00e8 \u00abno hi ha m\u00e9s remei\u00bb.<\/p>\n<p>Una expansi\u00f3 aix\u00ed requereix ganes i tenir la ment oberta per entendre molt molt r\u00e0pid la idiosincr\u00e0sia de les persones del nou lloc&#8230; en cas contrari no podr\u00e0s vendre. I finalment, obliga a ser-hi, ocupant-se de tot, des de la quotidianitat al m\u00e9s gran.<\/p>\n<p>Moltes empreses han fracassat en la seva expansi\u00f3 perqu\u00e8 no han anat a liderar qui se la jugava, sin\u00f3 que han enviat a alg\u00fa que no es jugava res. Jo, a l&#8217;arribar a cada pa\u00eds, anava a viure all\u00e0, no estava de tr\u00e0nsit. Jo mateixa buscava el lloguer, les persones amb les que treballar, el col\u00b7legi de la meva filla (em vaig portar amb mi a la meva filla petita de 16 anys) i visitava als clients. Tamb\u00e9 m\u2019apuntava a una bona universitat i em matriculava en assignatures de filosofia i de dret constitucional per entendre la base de la llei de pa\u00eds de torn. D&#8217;aquesta manera, en poc temps estava en condicions de comprendre qu\u00e8 necessitaven els clients d&#8217;aquest pa\u00eds.<\/p>\n<p><strong>-Com est\u00e0 el sector en aquests altres pa\u00efsos on treballeu? Hi ha moltes difer\u00e8ncies entre uns pa\u00efsos i altres?<\/strong><\/p>\n<p>La major difer\u00e8ncia que he trobat entre pa\u00efsos \u00e9s en la percepci\u00f3 cap a l&#8217;empresari. L&#8217;acarnissament que hi ha a Espanya contra l&#8217;aut\u00f2nom i l&#8217;empresari no existeix en altres pa\u00efsos. Nom\u00e9s el 45% d&#8217;espanyols creu en l&#8217;economia de lliure mercat. Aix\u00f2 \u00e9s clau, perqu\u00e8 les creences determinen els nostres actes.<\/p>\n<p>Aqu\u00ed, les lleis, la societat i la pr\u00f2pia fam\u00edlia, penalitzen enormement a l&#8217;empresariat. Si et va b\u00e9 ser\u00e0 perqu\u00e8 ets un explotador. Si et va malament, t&#8217;ho mereixes. Si ets dona, encara pitjor. Tanmateix, la percepci\u00f3 social de la dona empres\u00e0ria ha millorat molt\u00edssim, per\u00f2 no aix\u00ed el de l&#8217;empresariat en general.<\/p>\n<p>A Xile la construcci\u00f3 \u00e9s magn\u00edfica i la visi\u00f3 cap a l&#8217;empresari tamb\u00e9. No hi ha m\u00e9s que fixar-se en com resisteixen els edificis les envestides dels terratr\u00e8mols al pa\u00eds m\u00e9s s\u00edsmic de el m\u00f3n. Jo he viscut al meu pis planta 30 un terratr\u00e8mol de 8,2 de l&#8217;Escala Richter i nom\u00e9s va caure un llibre. A Col\u00f2mbia hi ha molta corrupci\u00f3 en la construcci\u00f3, sobretot d&#8217;infraestructures. Al Per\u00fa hi ha molt\u00edssim per fer, \u00e9s un pa\u00eds d&#8217;enormes possibilitats en el qual encara persisteix la visi\u00f3 de l&#8217;antic patr\u00f3.<\/p>\n<p><strong>-\u00bfCom esteu vivint tota aquesta crisi social, econ\u00f2mica i sanit\u00e0ria?<\/strong><\/p>\n<p>Sortirem d&#8217;aquesta. Tot i les p\u00e8rdues produ\u00efdes per la inactivitat obligada de la pand\u00e8mia, acabarem en positiu en la majoria de pa\u00efsos, la qual cosa \u00e9s un \u00e8xit.<\/p>\n<p>D&#8217;altra banda, \u00e9s una tremenda oportunitat per canviar el model d&#8217;empresa. No podem seguir amb estructures i legislacions del segle XX davant d&#8217;una realitat del segle XXI. Al XX viv\u00edem en una societat Bio Pol\u00edtica, que ha mutat al XXI cap a una Psico Pol\u00edtica, segons el pensador Byung-Chul Han.<\/p>\n<p>Em sembla que per aconseguir el canvi que necessitem hem de transformar la mirada social cap a la realitat social que \u00e9s l&#8217;empresa. En el seg\u00fcent quadre podem veure difer\u00e8ncies entre les Bio-empreses del segle XX, que ocupaven m\u00e0 d&#8217;obra fonamentalment, a les Psico-empreses de segle XXI, que ja no volen creixement sin\u00f3 optimitzaci\u00f3, i que estan obligades a entendre\u2019s amb el nou protagonista, la Intel\u00b7lig\u00e8ncia Artificial:<\/p>\n<p><img loading=\"lazy\" decoding=\"async\" class=\"alignnone wp-image-28820\" src=\"https:\/\/gremi-obres.org\/wp-content\/uploads\/2021\/07\/quadre-300x108.png\" alt=\"\" width=\"750\" height=\"270\" srcset=\"https:\/\/www.gremi-obres.org\/wp-content\/uploads\/2021\/07\/quadre-300x108.png 300w, https:\/\/www.gremi-obres.org\/wp-content\/uploads\/2021\/07\/quadre-1024x367.png 1024w, https:\/\/www.gremi-obres.org\/wp-content\/uploads\/2021\/07\/quadre-768x275.png 768w, https:\/\/www.gremi-obres.org\/wp-content\/uploads\/2021\/07\/quadre-700x251.png 700w, https:\/\/www.gremi-obres.org\/wp-content\/uploads\/2021\/07\/quadre.png 1292w\" sizes=\"auto, (max-width: 750px) 100vw, 750px\" \/><\/p>\n<p>Per aquesta nova era hem creat IVI, l&#8217;Institut VertiSub Internacional en el qual oferim cursos a nivell mundial amb la filosofia que \u00abja no es pot ser un gran professional si no \u00e9s a la vegada una gran persona\u00bb. Cursos per transformar el nostre lideratge.<\/p>\n<p><strong>-Quin pa\u00eds recomanaries per comen\u00e7ar una expansi\u00f3 professional a una Pime constructora de Barcelona?<\/strong><\/p>\n<p>Per\u00fa. Hi ha molt per fer. De fet, venc VertiSub Per\u00fa. Per\u00f2 qui la vulgui, ha d&#8217;anar a viure all\u00e0, no es pot fer a dist\u00e0ncia, al menys durant el primer any.<\/p>\n<p><strong>&#8211; Vas molt pels pa\u00efsos on treballa Vertisub? Tens algun favorit per anar i estar?<\/strong><\/p>\n<p>He estat vivint all\u00e0 permanentment de 2011 a 2016 i posteriorment m\u00e9s de la meitat de l&#8217;any. Darrerament, amb la pand\u00e8mia s&#8217;ha complicat. El meu pa\u00eds favorit per viure \u00e9s Xile, encara que Col\u00f2mbia \u00e9s un dels pa\u00efsos m\u00e9s bells del m\u00f3n i Per\u00fa est\u00e0 per descobrir. Tots dos s\u00f3n m\u00e9s grans que Espanya i Fran\u00e7a junts.<\/p>\n<p><strong>-El fet de ser dona en un sector tradicionalment amb m\u00e9s homes que dones, \u00bft&#8217;ha comportat dificultats afegides?<\/strong><\/p>\n<p>M&#8217;ha comportat reptes i exig\u00e8ncies, de la qual cosa estic agra\u00efda. Per exemple, quan vaig estar al Comit\u00e8 Executiu del Gremi de Constructors, les relacions amb la resta del Comit\u00e8, que eren homes, sempre van ser de companys, amb esperit d&#8217;esportivitat i ganes de fer coses conjuntament.<\/p>\n<p><strong>-Com t&#8217;agradaria que fos el sector d&#8217;aqu\u00ed a cinc anys? I de cinquanta?<\/strong><\/p>\n<p>Les noves infraestructures de comunicaci\u00f3, energia i mobilitat, estan canviant la nostra orientaci\u00f3 espai-temporal, la nostra manera d&#8217;habitar i la nostra identitat narrativa. Crec que aquests seran alguns dels canvis fonamentals de el sector en els propers anys:<\/p>\n<p>1- Energia. Es produir\u00e0 un enorme increment de la productivitat gr\u00e0cies a l&#8217;augment de l&#8217;efici\u00e8ncia energ\u00e8tica. A la II Revoluci\u00f3 Industrial el 86% de l&#8217;energia generada es perdia durant la seva transmissi\u00f3. Avui esperem augmentar l&#8217;efici\u00e8ncia fins a un 60%, el que es traduir\u00e0 en un espectacular augment de la productivitat2- Actius Obsolets. El sector de la construcci\u00f3 s&#8217;enfronta a molt\u00edssims actius obsolets, que s\u00f3n aquells que pateixen una depreciaci\u00f3 abans que el seu cicle de vida projectat acabi, perqu\u00e8 ja no responen a les necessitats de present. Hem de canviar com m\u00e9s aviat millor, ja que com m\u00e9s invertim en construir edificis i infraestructures com en el passat, m\u00e9s perdrem.<\/p>\n<p>3- Els edificis i infraestructures es transformaran en nodes i xarxes intel\u00b7ligents de gran efici\u00e8ncia energ\u00e8tica i carboni zero que formaran part d&#8217;una matriu de l&#8217;internet de les coses que actuar\u00e0 com un centre de dades de distribuci\u00f3 perif\u00e8rica, com una microplanta de generaci\u00f3 d&#8217;electricitat verda, com a dip\u00f2sit d&#8217;energia i com a centre de transport i log\u00edstica per gestionar, alimentar i impulsar l&#8217;activitat econ\u00f2mica. Est\u00e0 calculat que per cada mili\u00f3 de d\u00f2lars invertit en la instal\u00b7laci\u00f3 de millores en els edificis genera 16,3 llocs de treball si sumem l&#8217;ocupaci\u00f3 directa, indirecte i indu\u00efda.<\/p>\n<p>4- Passem de Propietaris a Usuaris. En el nou sistema econ\u00f2mic emergent, la propietat \u00e9s substitu\u00efda per l&#8217;acc\u00e9s i l&#8217;\u00fas. Les llars i els llocs de treball seran compartits.<\/p>\n<p>5- Automatitzaci\u00f3 de la planeta, amb 3.500 sat\u00e8l\u00b7lits actius, segons la NASA, m\u00e9s de 8.000 d&#8217;altres artefactes, a m\u00e9s de nanosat\u00e8l\u00b7lits (menors de 10 k) orbitant el planeta, m\u00e9s de 1.000 milions de quil\u00f2metres de cables de fibra \u00f2ptica submergides i milions de xarxes terrestres impossibles de quantificar. Tot plegat forma com una xarxa nerviosa que canvia els fonaments, no nom\u00e9s de la construcci\u00f3, sin\u00f3 de la vida a la terra.<\/p>\n<p>6- L&#8217;actual Revoluci\u00f3 Industrial implica la desaparici\u00f3 de tota la ind\u00fastria energ\u00e8tica i infraestructures de comunicacions anteriors, i el muntatge d&#8217;una nova ind\u00fastria eco energ\u00e8tica d&#8217;aerogeneradors i solar. Un cop fet aix\u00f2, els robots podran manegar-la. Potser comptem amb uns 20 anys de necessitat de molta m\u00e0 d&#8217;obra, fins que prenguin el relleu gaireb\u00e9 total la IA i els robots. Despr\u00e9s ens haurem de dedicar a altres coses.<\/p>\n<p>7- La majoria dels joves d&#8217;avui pensen que el sistema constructiu del m\u00f3n actual \u00e9s mortal per al planeta i volen trencar amb el que s&#8217;assembli al ja constru\u00eft, perqu\u00e8 pensen que estem a la vora d&#8217;una crisi planet\u00e0ria. \u00c9s a dir, no podem seguir construint per ells i amb ells, com ho hem fet fins ara, sin\u00f3 amb edificis amb ecosistemes oberts, en xarxa, transparents, sense mediadors i amb emissions de carboni 0.<\/p>\n<p>8- Les empreses constructores passaran a ser empreses de serveis de circularitat.<\/p>\n","protected":false},"excerpt":{"rendered":"<p>En aquest n\u00famero de la revista entrevistem a Pilar Almagro, una interessant empres\u00e0ria del sector i que arran de la crisi econ\u00f2mica del 2007 va expandir la seva empresa arreu del m\u00f3n, amb una forta pres\u00e8ncia a pa\u00efsos sud-americans. L\u2019entrevistem per preguntar-li sobre la seva visi\u00f3 del sector aix\u00ed com de la seva experi\u00e8ncia internacional. -Vertisub \u00e9s ara una empresa multinacional d\u2019arrel barcelonina amb pres\u00e8ncia a pa\u00efsos com el Regne Unit, Xile, Col\u00f2mbia, Per\u00fa, Guatemala i Uruguai &#8230; Com va ser que vau passar d&#8217;una empresa local de Barcelona a treballar en diferents pa\u00efsos? Qu\u00e8 requereix una expansi\u00f3 aix\u00ed? Vertisub<\/p>\n","protected":false},"author":1,"featured_media":28826,"comment_status":"open","ping_status":"open","sticky":false,"template":"","format":"standard","meta":{"_acf_changed":false,"footnotes":""},"categories":[577,546,547],"tags":[],"class_list":["post-28827","post","type-post","status-publish","format-standard","has-post-thumbnail","hentry","category-entrevistes-es","category-noticies-es","category-recomanem-es"],"acf":[],"yoast_head":"<!-- This site is optimized with the Yoast SEO plugin v26.6 - https:\/\/yoast.com\/wordpress\/plugins\/seo\/ -->\n<title>Entrevista a Pilar Almagro Marcos, CEO de VertiSub Internacional, sobre expansi\u00f3 de l\u2019empresa i experi\u00e8ncia internacional - Gremi de Constructors d&#039;Obres de Barcelona i Comarques<\/title>\n<meta name=\"robots\" content=\"index, follow, max-snippet:-1, max-image-preview:large, max-video-preview:-1\" \/>\n<link rel=\"canonical\" href=\"https:\/\/www.gremi-obres.org\/entrevista-a-pilar-almagro-marcos-ceo-de-vertisub-internacional\/\" \/>\n<meta property=\"og:locale\" content=\"es_ES\" \/>\n<meta property=\"og:type\" content=\"article\" \/>\n<meta property=\"og:title\" content=\"Entrevista a Pilar Almagro Marcos, CEO de VertiSub Internacional, sobre expansi\u00f3 de l\u2019empresa i experi\u00e8ncia internacional - Gremi de Constructors d&#039;Obres de Barcelona i Comarques\" \/>\n<meta property=\"og:description\" content=\"En aquest n\u00famero de la revista entrevistem a Pilar Almagro, una interessant empres\u00e0ria del sector i que arran de la crisi econ\u00f2mica del 2007 va expandir la seva empresa arreu del m\u00f3n, amb una forta pres\u00e8ncia a pa\u00efsos sud-americans. L\u2019entrevistem per preguntar-li sobre la seva visi\u00f3 del sector aix\u00ed com de la seva experi\u00e8ncia internacional. -Vertisub \u00e9s ara una empresa multinacional d\u2019arrel barcelonina amb pres\u00e8ncia a pa\u00efsos com el Regne Unit, Xile, Col\u00f2mbia, Per\u00fa, Guatemala i Uruguai &#8230; Com va ser que vau passar d&#8217;una empresa local de Barcelona a treballar en diferents pa\u00efsos? Qu\u00e8 requereix una expansi\u00f3 aix\u00ed? Vertisub\" \/>\n<meta property=\"og:url\" content=\"https:\/\/www.gremi-obres.org\/entrevista-a-pilar-almagro-marcos-ceo-de-vertisub-internacional\/\" \/>\n<meta property=\"og:site_name\" content=\"Gremi de Constructors d&#039;Obres de Barcelona i Comarques\" \/>\n<meta property=\"article:published_time\" content=\"2021-07-05T01:09:14+00:00\" \/>\n<meta property=\"og:image\" content=\"https:\/\/www.gremi-obres.org\/wp-content\/uploads\/2021\/07\/PILAR-ALMAGRO-BLOG-GREMI.png\" \/>\n\t<meta property=\"og:image:width\" content=\"1600\" \/>\n\t<meta property=\"og:image:height\" content=\"600\" \/>\n\t<meta property=\"og:image:type\" content=\"image\/png\" \/>\n<meta name=\"author\" content=\"admin\" \/>\n<meta name=\"twitter:card\" content=\"summary_large_image\" \/>\n<meta name=\"twitter:label1\" content=\"Escrito por\" \/>\n\t<meta name=\"twitter:data1\" content=\"admin\" \/>\n\t<meta name=\"twitter:label2\" content=\"Tiempo de lectura\" \/>\n\t<meta name=\"twitter:data2\" content=\"8 minutos\" \/>\n<script type=\"application\/ld+json\" class=\"yoast-schema-graph\">{\"@context\":\"https:\/\/schema.org\",\"@graph\":[{\"@type\":\"WebPage\",\"@id\":\"https:\/\/www.gremi-obres.org\/entrevista-a-pilar-almagro-marcos-ceo-de-vertisub-internacional\/\",\"url\":\"https:\/\/www.gremi-obres.org\/entrevista-a-pilar-almagro-marcos-ceo-de-vertisub-internacional\/\",\"name\":\"Entrevista a Pilar Almagro Marcos, CEO de VertiSub Internacional, sobre expansi\u00f3 de l\u2019empresa i experi\u00e8ncia internacional - Gremi de Constructors d&#039;Obres de Barcelona i Comarques\",\"isPartOf\":{\"@id\":\"https:\/\/www.gremi-obres.org\/#website\"},\"primaryImageOfPage\":{\"@id\":\"https:\/\/www.gremi-obres.org\/entrevista-a-pilar-almagro-marcos-ceo-de-vertisub-internacional\/#primaryimage\"},\"image\":{\"@id\":\"https:\/\/www.gremi-obres.org\/entrevista-a-pilar-almagro-marcos-ceo-de-vertisub-internacional\/#primaryimage\"},\"thumbnailUrl\":\"https:\/\/www.gremi-obres.org\/wp-content\/uploads\/2021\/07\/PILAR-ALMAGRO-BLOG-GREMI.png\",\"datePublished\":\"2021-07-05T01:09:14+00:00\",\"author\":{\"@id\":\"https:\/\/www.gremi-obres.org\/#\/schema\/person\/0899d1bf9c0590005d47809f9315d840\"},\"breadcrumb\":{\"@id\":\"https:\/\/www.gremi-obres.org\/entrevista-a-pilar-almagro-marcos-ceo-de-vertisub-internacional\/#breadcrumb\"},\"inLanguage\":\"es\",\"potentialAction\":[{\"@type\":\"ReadAction\",\"target\":[\"https:\/\/www.gremi-obres.org\/entrevista-a-pilar-almagro-marcos-ceo-de-vertisub-internacional\/\"]}]},{\"@type\":\"ImageObject\",\"inLanguage\":\"es\",\"@id\":\"https:\/\/www.gremi-obres.org\/entrevista-a-pilar-almagro-marcos-ceo-de-vertisub-internacional\/#primaryimage\",\"url\":\"https:\/\/www.gremi-obres.org\/wp-content\/uploads\/2021\/07\/PILAR-ALMAGRO-BLOG-GREMI.png\",\"contentUrl\":\"https:\/\/www.gremi-obres.org\/wp-content\/uploads\/2021\/07\/PILAR-ALMAGRO-BLOG-GREMI.png\",\"width\":1600,\"height\":600},{\"@type\":\"BreadcrumbList\",\"@id\":\"https:\/\/www.gremi-obres.org\/entrevista-a-pilar-almagro-marcos-ceo-de-vertisub-internacional\/#breadcrumb\",\"itemListElement\":[{\"@type\":\"ListItem\",\"position\":1,\"name\":\"Inici\",\"item\":\"https:\/\/www.gremi-obres.org\/es\/\"},{\"@type\":\"ListItem\",\"position\":2,\"name\":\"Entrevista a Pilar Almagro Marcos, CEO de VertiSub Internacional, sobre expansi\u00f3 de l\u2019empresa i experi\u00e8ncia internacional\"}]},{\"@type\":\"WebSite\",\"@id\":\"https:\/\/www.gremi-obres.org\/#website\",\"url\":\"https:\/\/www.gremi-obres.org\/\",\"name\":\"Gremi de Constructors d&#039;Obres de Barcelona i Comarques\",\"description\":\"La missi\u00f3 del Gremi \u00e9s la de defensar els  interessos de les empreses constructores i rehabilitadores agremiades i recolzar-les en les necessitats de la seva activitat mitjan\u00e7ant serveis, recursos, formaci\u00f3, assessorament i informaci\u00f3\",\"potentialAction\":[{\"@type\":\"SearchAction\",\"target\":{\"@type\":\"EntryPoint\",\"urlTemplate\":\"https:\/\/www.gremi-obres.org\/?s={search_term_string}\"},\"query-input\":{\"@type\":\"PropertyValueSpecification\",\"valueRequired\":true,\"valueName\":\"search_term_string\"}}],\"inLanguage\":\"es\"},{\"@type\":\"Person\",\"@id\":\"https:\/\/www.gremi-obres.org\/#\/schema\/person\/0899d1bf9c0590005d47809f9315d840\",\"name\":\"admin\",\"image\":{\"@type\":\"ImageObject\",\"inLanguage\":\"es\",\"@id\":\"https:\/\/www.gremi-obres.org\/#\/schema\/person\/image\/\",\"url\":\"https:\/\/secure.gravatar.com\/avatar\/01f1708c07ad1e96486b333b447c55a6639abb2e7fe8911639cdafa4ee687367?s=96&d=mm&r=g\",\"contentUrl\":\"https:\/\/secure.gravatar.com\/avatar\/01f1708c07ad1e96486b333b447c55a6639abb2e7fe8911639cdafa4ee687367?s=96&d=mm&r=g\",\"caption\":\"admin\"},\"url\":\"https:\/\/www.gremi-obres.org\/es\/author\/admin\/\"}]}<\/script>\n<!-- \/ Yoast SEO plugin. -->","yoast_head_json":{"title":"Entrevista a Pilar Almagro Marcos, CEO de VertiSub Internacional, sobre expansi\u00f3 de l\u2019empresa i experi\u00e8ncia internacional - Gremi de Constructors d&#039;Obres de Barcelona i Comarques","robots":{"index":"index","follow":"follow","max-snippet":"max-snippet:-1","max-image-preview":"max-image-preview:large","max-video-preview":"max-video-preview:-1"},"canonical":"https:\/\/www.gremi-obres.org\/entrevista-a-pilar-almagro-marcos-ceo-de-vertisub-internacional\/","og_locale":"es_ES","og_type":"article","og_title":"Entrevista a Pilar Almagro Marcos, CEO de VertiSub Internacional, sobre expansi\u00f3 de l\u2019empresa i experi\u00e8ncia internacional - Gremi de Constructors d&#039;Obres de Barcelona i Comarques","og_description":"En aquest n\u00famero de la revista entrevistem a Pilar Almagro, una interessant empres\u00e0ria del sector i que arran de la crisi econ\u00f2mica del 2007 va expandir la seva empresa arreu del m\u00f3n, amb una forta pres\u00e8ncia a pa\u00efsos sud-americans. L\u2019entrevistem per preguntar-li sobre la seva visi\u00f3 del sector aix\u00ed com de la seva experi\u00e8ncia internacional. -Vertisub \u00e9s ara una empresa multinacional d\u2019arrel barcelonina amb pres\u00e8ncia a pa\u00efsos com el Regne Unit, Xile, Col\u00f2mbia, Per\u00fa, Guatemala i Uruguai &#8230; Com va ser que vau passar d&#8217;una empresa local de Barcelona a treballar en diferents pa\u00efsos? Qu\u00e8 requereix una expansi\u00f3 aix\u00ed? Vertisub","og_url":"https:\/\/www.gremi-obres.org\/entrevista-a-pilar-almagro-marcos-ceo-de-vertisub-internacional\/","og_site_name":"Gremi de Constructors d&#039;Obres de Barcelona i Comarques","article_published_time":"2021-07-05T01:09:14+00:00","og_image":[{"width":1600,"height":600,"url":"https:\/\/www.gremi-obres.org\/wp-content\/uploads\/2021\/07\/PILAR-ALMAGRO-BLOG-GREMI.png","type":"image\/png"}],"author":"admin","twitter_card":"summary_large_image","twitter_misc":{"Escrito por":"admin","Tiempo de lectura":"8 minutos"},"schema":{"@context":"https:\/\/schema.org","@graph":[{"@type":"WebPage","@id":"https:\/\/www.gremi-obres.org\/entrevista-a-pilar-almagro-marcos-ceo-de-vertisub-internacional\/","url":"https:\/\/www.gremi-obres.org\/entrevista-a-pilar-almagro-marcos-ceo-de-vertisub-internacional\/","name":"Entrevista a Pilar Almagro Marcos, CEO de VertiSub Internacional, sobre expansi\u00f3 de l\u2019empresa i experi\u00e8ncia internacional - Gremi de Constructors d&#039;Obres de Barcelona i Comarques","isPartOf":{"@id":"https:\/\/www.gremi-obres.org\/#website"},"primaryImageOfPage":{"@id":"https:\/\/www.gremi-obres.org\/entrevista-a-pilar-almagro-marcos-ceo-de-vertisub-internacional\/#primaryimage"},"image":{"@id":"https:\/\/www.gremi-obres.org\/entrevista-a-pilar-almagro-marcos-ceo-de-vertisub-internacional\/#primaryimage"},"thumbnailUrl":"https:\/\/www.gremi-obres.org\/wp-content\/uploads\/2021\/07\/PILAR-ALMAGRO-BLOG-GREMI.png","datePublished":"2021-07-05T01:09:14+00:00","author":{"@id":"https:\/\/www.gremi-obres.org\/#\/schema\/person\/0899d1bf9c0590005d47809f9315d840"},"breadcrumb":{"@id":"https:\/\/www.gremi-obres.org\/entrevista-a-pilar-almagro-marcos-ceo-de-vertisub-internacional\/#breadcrumb"},"inLanguage":"es","potentialAction":[{"@type":"ReadAction","target":["https:\/\/www.gremi-obres.org\/entrevista-a-pilar-almagro-marcos-ceo-de-vertisub-internacional\/"]}]},{"@type":"ImageObject","inLanguage":"es","@id":"https:\/\/www.gremi-obres.org\/entrevista-a-pilar-almagro-marcos-ceo-de-vertisub-internacional\/#primaryimage","url":"https:\/\/www.gremi-obres.org\/wp-content\/uploads\/2021\/07\/PILAR-ALMAGRO-BLOG-GREMI.png","contentUrl":"https:\/\/www.gremi-obres.org\/wp-content\/uploads\/2021\/07\/PILAR-ALMAGRO-BLOG-GREMI.png","width":1600,"height":600},{"@type":"BreadcrumbList","@id":"https:\/\/www.gremi-obres.org\/entrevista-a-pilar-almagro-marcos-ceo-de-vertisub-internacional\/#breadcrumb","itemListElement":[{"@type":"ListItem","position":1,"name":"Inici","item":"https:\/\/www.gremi-obres.org\/es\/"},{"@type":"ListItem","position":2,"name":"Entrevista a Pilar Almagro Marcos, CEO de VertiSub Internacional, sobre expansi\u00f3 de l\u2019empresa i experi\u00e8ncia internacional"}]},{"@type":"WebSite","@id":"https:\/\/www.gremi-obres.org\/#website","url":"https:\/\/www.gremi-obres.org\/","name":"Gremi de Constructors d&#039;Obres de Barcelona i Comarques","description":"La missi\u00f3 del Gremi \u00e9s la de defensar els  interessos de les empreses constructores i rehabilitadores agremiades i recolzar-les en les necessitats de la seva activitat mitjan\u00e7ant serveis, recursos, formaci\u00f3, assessorament i informaci\u00f3","potentialAction":[{"@type":"SearchAction","target":{"@type":"EntryPoint","urlTemplate":"https:\/\/www.gremi-obres.org\/?s={search_term_string}"},"query-input":{"@type":"PropertyValueSpecification","valueRequired":true,"valueName":"search_term_string"}}],"inLanguage":"es"},{"@type":"Person","@id":"https:\/\/www.gremi-obres.org\/#\/schema\/person\/0899d1bf9c0590005d47809f9315d840","name":"admin","image":{"@type":"ImageObject","inLanguage":"es","@id":"https:\/\/www.gremi-obres.org\/#\/schema\/person\/image\/","url":"https:\/\/secure.gravatar.com\/avatar\/01f1708c07ad1e96486b333b447c55a6639abb2e7fe8911639cdafa4ee687367?s=96&d=mm&r=g","contentUrl":"https:\/\/secure.gravatar.com\/avatar\/01f1708c07ad1e96486b333b447c55a6639abb2e7fe8911639cdafa4ee687367?s=96&d=mm&r=g","caption":"admin"},"url":"https:\/\/www.gremi-obres.org\/es\/author\/admin\/"}]}},"jetpack_featured_media_url":"https:\/\/www.gremi-obres.org\/wp-content\/uploads\/2021\/07\/PILAR-ALMAGRO-BLOG-GREMI.png","_links":{"self":[{"href":"https:\/\/www.gremi-obres.org\/es\/wp-json\/wp\/v2\/posts\/28827","targetHints":{"allow":["GET"]}}],"collection":[{"href":"https:\/\/www.gremi-obres.org\/es\/wp-json\/wp\/v2\/posts"}],"about":[{"href":"https:\/\/www.gremi-obres.org\/es\/wp-json\/wp\/v2\/types\/post"}],"author":[{"embeddable":true,"href":"https:\/\/www.gremi-obres.org\/es\/wp-json\/wp\/v2\/users\/1"}],"replies":[{"embeddable":true,"href":"https:\/\/www.gremi-obres.org\/es\/wp-json\/wp\/v2\/comments?post=28827"}],"version-history":[{"count":2,"href":"https:\/\/www.gremi-obres.org\/es\/wp-json\/wp\/v2\/posts\/28827\/revisions"}],"predecessor-version":[{"id":28831,"href":"https:\/\/www.gremi-obres.org\/es\/wp-json\/wp\/v2\/posts\/28827\/revisions\/28831"}],"wp:featuredmedia":[{"embeddable":true,"href":"https:\/\/www.gremi-obres.org\/es\/wp-json\/wp\/v2\/media\/28826"}],"wp:attachment":[{"href":"https:\/\/www.gremi-obres.org\/es\/wp-json\/wp\/v2\/media?parent=28827"}],"wp:term":[{"taxonomy":"category","embeddable":true,"href":"https:\/\/www.gremi-obres.org\/es\/wp-json\/wp\/v2\/categories?post=28827"},{"taxonomy":"post_tag","embeddable":true,"href":"https:\/\/www.gremi-obres.org\/es\/wp-json\/wp\/v2\/tags?post=28827"}],"curies":[{"name":"wp","href":"https:\/\/api.w.org\/{rel}","templated":true}]}}