{"id":27151,"date":"2021-05-27T11:59:28","date_gmt":"2021-05-27T03:59:28","guid":{"rendered":"https:\/\/gremi-obres.org\/?p=27151"},"modified":"2021-05-27T00:00:28","modified_gmt":"2021-05-26T16:00:28","slug":"empreses-sostenibles-en-la-gestio-de-residus-de-les-obres-empreses-recons","status":"publish","type":"post","link":"https:\/\/www.gremi-obres.org\/es\/empreses-sostenibles-en-la-gestio-de-residus-de-les-obres-empreses-recons\/","title":{"rendered":"Empreses sostenibles en la gesti\u00f3 de residus de les obres. Empreses Recons"},"content":{"rendered":"<h4>Al mar\u00e7 es complia un any des del lliurament dels primers certificats a les empreses que es van oferir per arrencar aquest projecte que \u00e9s Recons I que t\u00e9 com a objectiu distingir davant de la societat i dels clients a aquelles empreses que duen a terme una gesti\u00f3 responsable dels residus de les seves obres.<\/h4>\n<p>En un any marcat per la pand\u00e8mia, des de la Fundaci\u00f3 Privada per a l&#8217;Ordenaci\u00f3 del Sector de la Construcci\u00f3 a Catalunya, instituci\u00f3 sense afany de lucre promoguda pel Gremi i la Cambra oficial de Contractistes d&#8217;Obres de Catalunya (CCOC); hem mantingut la voluntat de consolidar un projecte que la realitat de l\u2019\u00faltim any refor\u00e7a al demostrar l&#8217;absoluta necessitat de tenir cura, per sobre de tot, de la salut de les persones, i com no, del planeta.<\/p>\n<p>Igualment la crisi global esdevinguda refor\u00e7a l&#8217;emerg\u00e8ncia de nous valors, entre els quals es destaca la sostenibilitat, a la qual \u00e9s previsible que s&#8217;enfoquin cada vegada m\u00e9s els diferents ajuts de l&#8217;administraci\u00f3 per a les empreses i els propietaris. Per tot aix\u00f2 creiem que Recons \u00e9s una arma important per al sector i per a les empreses que es certifiquin amb ell.<\/p>\n<p>Despr\u00e9s d\u2019aquest primer any en el qual hem pogut consolidar i guanyar experi\u00e8ncia en la gesti\u00f3 i certificaci\u00f3, volem continuar ampliant el seu potencial per impulsar aquest desig compartit per empreses, ciutadania i administracions, d&#8217;aconseguir una gesti\u00f3 de residus sostenible , que enterri pr\u00e0ctiques indesitjables i que faciliti un final de vida sostenible dels materials o, millor encara, el seu reciclatge.<\/p>\n<p>De moment, en aquest primer any de prova s\u00f3n set les empreses certificades:<\/p>\n<p>ALT\u00c9S REHABILITACIONS, S.L.<br \/>\nCONTRACTA, OBRES I TECNOLOGIA DE LA REHABILITACI\u00d3, S.L.<br \/>\nDOVER 97, S.L.<br \/>\nIMPLEMENTACI\u00d3N TECNOLOGICA EN EDIFICIOS, S.L.<br \/>\nMON VERTICAL, S.L.U.<br \/>\nOBRA LLAR 2000, S.L.<br \/>\nT\u00c9CNICAS DE REHABILITACI\u00d3N Y CONSTRUCCI\u00d3N, S.L.<\/p>\n<p>Algunes d&#8217;elles ens aporten la seva visi\u00f3 sobre Recons. A continuaci\u00f3 parlen les empreses:<\/p>\n<hr \/>\n<p><strong>CONTRACTA, OBRES I TECNOLOGIA DE LA REHABILITACI\u00d3, S.L.<br \/>\n<\/strong>\u00abA Contracta ens hem adherit al projecte Recons per responsabilitat empresarial amb el medi ambient, amb la sostenibilitat i tamb\u00e9 per educaci\u00f3 professional. El nostre objectiu \u00e9s fer part\u00edcip al nostre equip hum\u00e0 de les virtuts que ofereix el fet de ser responsable amb els residus, la seva classificaci\u00f3 i el posterior retorn al medi. Creiem en l\u2019aprofitament i reutilitzaci\u00f3 de tota aquella mat\u00e8ria que sigui possible tot segregant les deixalles en grups homogenis per facilitar-ne seu reciclatge. Estem orgullosos de pert\u00e0nyer i participar en la sostenibilitat del medi ambient.\u00bb<\/p>\n<hr \/>\n<p><strong>IMPLEMENTACI\u00d3N TECNOLOGICA EN EDIFICIOS, SL.<\/strong><br \/>\n\u00abSom una empresa constructora compromesa amb la millora de la qualitat ambiental i l\u2019adequada gesti\u00f3 dels residus. Particularment ens preocupa el medi ambient i som conscients que la correcta gesti\u00f3 dels residus es vital, donada la nostra activitat empresarial. Ens agrada poder prendre part oferint aquesta responsabilitat ambiental i contribuir aix\u00ed a una major sostenibilitat dins del nostre entorn i, per extensi\u00f3, a la resta de la societat treballant sota la certificaci\u00f3 volunt\u00e0ria del segell Recons.\u00bb<\/p>\n<hr \/>\n<p><strong>OBRA LLAR 2000, S.L.<\/strong><br \/>\n\u00abTornant de l\u2019escola, amb una melodia molt contagiosa, les meves filles canten la can\u00e7\u00f3: \u201cRa, ra, ra, ra, ra, ra, reduir, reutilitzar i reciclar\u201d i no s\u00e9 per quin motiu, em ve al cap Recons i autom\u00e0ticament em dic que seria imperdonable no formar part d\u2019aquest Segell, els nostre fills no ho entendrien. Durant el temps que fa que formem part del projecte, Obrallar ha redu\u00eft un 36% els residus. Anem pel bon cam\u00ed.\u00bb<\/p>\n<hr \/>\n<p><strong>T\u00c9CNICAS DE REHABILITACI\u00d3N Y CONSTRUCCI\u00d3N, S.L.<\/strong><br \/>\n\u00abPer nosaltres adherir-nos a Recons significa un pas m\u00e9s en el nostre objectiu d&#8217;esdevenir una empresa altament sostenible, i poder-ho tamb\u00e9 aix\u00ed demostrar-ho davant prescriptors, administraci\u00f3 i propietaris. La situaci\u00f3 mediambiental del planeta \u00e9s cr\u00edtica, i segells com Recons han d\u2019impulsar al mercat aquelles empreses que volen ser i mostrar-se responsables amb els residus de les obres. Malauradament encara masses residus d\u2019obres es llencen de qualsevol manera, contaminant i fent malb\u00e9 el paisatge i el medi ambient. Amb Recons garantim que aix\u00f2 no passa, i que els residus de les nostres obres s\u00f3n tractats amb responsabilitat.\u00bb<\/p>\n<hr \/>\n<p><strong>Entregues dels primers certificats Recons:<\/strong><\/p>\n<p><img loading=\"lazy\" decoding=\"async\" class=\"alignnone  wp-image-27148\" src=\"https:\/\/gremi-obres.org\/wp-content\/uploads\/2021\/05\/blog-foto-recons-certificat-300x155.jpg\" alt=\"\" width=\"534\" height=\"276\" srcset=\"https:\/\/www.gremi-obres.org\/wp-content\/uploads\/2021\/05\/blog-foto-recons-certificat-300x155.jpg 300w, https:\/\/www.gremi-obres.org\/wp-content\/uploads\/2021\/05\/blog-foto-recons-certificat-768x396.jpg 768w, https:\/\/www.gremi-obres.org\/wp-content\/uploads\/2021\/05\/blog-foto-recons-certificat-700x361.jpg 700w, https:\/\/www.gremi-obres.org\/wp-content\/uploads\/2021\/05\/blog-foto-recons-certificat.jpg 1024w\" sizes=\"auto, (max-width: 534px) 100vw, 534px\" \/><\/p>\n","protected":false},"excerpt":{"rendered":"<p>Al mar\u00e7 es complia un any des del lliurament dels primers certificats a les empreses que es van oferir per arrencar aquest projecte que \u00e9s Recons I que t\u00e9 com a objectiu distingir davant de la societat i dels clients a aquelles empreses que duen a terme una gesti\u00f3 responsable dels residus de les seves obres. En un any marcat per la pand\u00e8mia, des de la Fundaci\u00f3 Privada per a l&#8217;Ordenaci\u00f3 del Sector de la Construcci\u00f3 a Catalunya, instituci\u00f3 sense afany de lucre promoguda pel Gremi i la Cambra oficial de Contractistes d&#8217;Obres de Catalunya (CCOC); hem mantingut la voluntat<\/p>\n","protected":false},"author":1,"featured_media":27145,"comment_status":"open","ping_status":"open","sticky":false,"template":"","format":"standard","meta":{"_acf_changed":false,"footnotes":""},"categories":[550,546,547],"tags":[],"class_list":["post-27151","post","type-post","status-publish","format-standard","has-post-thumbnail","hentry","category-espai-rehabilitacio-es","category-noticies-es","category-recomanem-es"],"acf":[],"yoast_head":"<!-- This site is optimized with the Yoast SEO plugin v26.6 - https:\/\/yoast.com\/wordpress\/plugins\/seo\/ -->\n<title>Empreses sostenibles en la gesti\u00f3 de residus de les obres. Empreses Recons - Gremi de Constructors d&#039;Obres de Barcelona i Comarques<\/title>\n<meta name=\"robots\" content=\"index, follow, max-snippet:-1, max-image-preview:large, max-video-preview:-1\" \/>\n<link rel=\"canonical\" href=\"https:\/\/www.gremi-obres.org\/empreses-sostenibles-en-la-gestio-de-residus-de-les-obres-empreses-recons\/\" \/>\n<meta property=\"og:locale\" content=\"es_ES\" \/>\n<meta property=\"og:type\" content=\"article\" \/>\n<meta property=\"og:title\" content=\"Empreses sostenibles en la gesti\u00f3 de residus de les obres. Empreses Recons - Gremi de Constructors d&#039;Obres de Barcelona i Comarques\" \/>\n<meta property=\"og:description\" content=\"Al mar\u00e7 es complia un any des del lliurament dels primers certificats a les empreses que es van oferir per arrencar aquest projecte que \u00e9s Recons I que t\u00e9 com a objectiu distingir davant de la societat i dels clients a aquelles empreses que duen a terme una gesti\u00f3 responsable dels residus de les seves obres. En un any marcat per la pand\u00e8mia, des de la Fundaci\u00f3 Privada per a l&#8217;Ordenaci\u00f3 del Sector de la Construcci\u00f3 a Catalunya, instituci\u00f3 sense afany de lucre promoguda pel Gremi i la Cambra oficial de Contractistes d&#8217;Obres de Catalunya (CCOC); hem mantingut la voluntat\" \/>\n<meta property=\"og:url\" content=\"https:\/\/www.gremi-obres.org\/empreses-sostenibles-en-la-gestio-de-residus-de-les-obres-empreses-recons\/\" \/>\n<meta property=\"og:site_name\" content=\"Gremi de Constructors d&#039;Obres de Barcelona i Comarques\" \/>\n<meta property=\"article:published_time\" content=\"2021-05-27T03:59:28+00:00\" \/>\n<meta property=\"og:image\" content=\"https:\/\/www.gremi-obres.org\/wp-content\/uploads\/2021\/05\/BANNER-RECONS.png\" \/>\n\t<meta property=\"og:image:width\" content=\"1280\" \/>\n\t<meta property=\"og:image:height\" content=\"720\" \/>\n\t<meta property=\"og:image:type\" content=\"image\/png\" \/>\n<meta name=\"author\" content=\"admin\" \/>\n<meta name=\"twitter:card\" content=\"summary_large_image\" \/>\n<meta name=\"twitter:label1\" content=\"Escrito por\" \/>\n\t<meta name=\"twitter:data1\" content=\"admin\" \/>\n\t<meta name=\"twitter:label2\" content=\"Tiempo de lectura\" \/>\n\t<meta name=\"twitter:data2\" content=\"4 minutos\" \/>\n<script type=\"application\/ld+json\" class=\"yoast-schema-graph\">{\"@context\":\"https:\/\/schema.org\",\"@graph\":[{\"@type\":\"WebPage\",\"@id\":\"https:\/\/www.gremi-obres.org\/empreses-sostenibles-en-la-gestio-de-residus-de-les-obres-empreses-recons\/\",\"url\":\"https:\/\/www.gremi-obres.org\/empreses-sostenibles-en-la-gestio-de-residus-de-les-obres-empreses-recons\/\",\"name\":\"Empreses sostenibles en la gesti\u00f3 de residus de les obres. Empreses Recons - Gremi de Constructors d&#039;Obres de Barcelona i Comarques\",\"isPartOf\":{\"@id\":\"https:\/\/www.gremi-obres.org\/#website\"},\"primaryImageOfPage\":{\"@id\":\"https:\/\/www.gremi-obres.org\/empreses-sostenibles-en-la-gestio-de-residus-de-les-obres-empreses-recons\/#primaryimage\"},\"image\":{\"@id\":\"https:\/\/www.gremi-obres.org\/empreses-sostenibles-en-la-gestio-de-residus-de-les-obres-empreses-recons\/#primaryimage\"},\"thumbnailUrl\":\"https:\/\/www.gremi-obres.org\/wp-content\/uploads\/2021\/05\/BANNER-RECONS.png\",\"datePublished\":\"2021-05-27T03:59:28+00:00\",\"author\":{\"@id\":\"https:\/\/www.gremi-obres.org\/#\/schema\/person\/0899d1bf9c0590005d47809f9315d840\"},\"breadcrumb\":{\"@id\":\"https:\/\/www.gremi-obres.org\/empreses-sostenibles-en-la-gestio-de-residus-de-les-obres-empreses-recons\/#breadcrumb\"},\"inLanguage\":\"es\",\"potentialAction\":[{\"@type\":\"ReadAction\",\"target\":[\"https:\/\/www.gremi-obres.org\/empreses-sostenibles-en-la-gestio-de-residus-de-les-obres-empreses-recons\/\"]}]},{\"@type\":\"ImageObject\",\"inLanguage\":\"es\",\"@id\":\"https:\/\/www.gremi-obres.org\/empreses-sostenibles-en-la-gestio-de-residus-de-les-obres-empreses-recons\/#primaryimage\",\"url\":\"https:\/\/www.gremi-obres.org\/wp-content\/uploads\/2021\/05\/BANNER-RECONS.png\",\"contentUrl\":\"https:\/\/www.gremi-obres.org\/wp-content\/uploads\/2021\/05\/BANNER-RECONS.png\",\"width\":1280,\"height\":720},{\"@type\":\"BreadcrumbList\",\"@id\":\"https:\/\/www.gremi-obres.org\/empreses-sostenibles-en-la-gestio-de-residus-de-les-obres-empreses-recons\/#breadcrumb\",\"itemListElement\":[{\"@type\":\"ListItem\",\"position\":1,\"name\":\"Inici\",\"item\":\"https:\/\/www.gremi-obres.org\/es\/\"},{\"@type\":\"ListItem\",\"position\":2,\"name\":\"Empreses sostenibles en la gesti\u00f3 de residus de les obres. Empreses Recons\"}]},{\"@type\":\"WebSite\",\"@id\":\"https:\/\/www.gremi-obres.org\/#website\",\"url\":\"https:\/\/www.gremi-obres.org\/\",\"name\":\"Gremi de Constructors d&#039;Obres de Barcelona i Comarques\",\"description\":\"La missi\u00f3 del Gremi \u00e9s la de defensar els  interessos de les empreses constructores i rehabilitadores agremiades i recolzar-les en les necessitats de la seva activitat mitjan\u00e7ant serveis, recursos, formaci\u00f3, assessorament i informaci\u00f3\",\"potentialAction\":[{\"@type\":\"SearchAction\",\"target\":{\"@type\":\"EntryPoint\",\"urlTemplate\":\"https:\/\/www.gremi-obres.org\/?s={search_term_string}\"},\"query-input\":{\"@type\":\"PropertyValueSpecification\",\"valueRequired\":true,\"valueName\":\"search_term_string\"}}],\"inLanguage\":\"es\"},{\"@type\":\"Person\",\"@id\":\"https:\/\/www.gremi-obres.org\/#\/schema\/person\/0899d1bf9c0590005d47809f9315d840\",\"name\":\"admin\",\"image\":{\"@type\":\"ImageObject\",\"inLanguage\":\"es\",\"@id\":\"https:\/\/www.gremi-obres.org\/#\/schema\/person\/image\/\",\"url\":\"https:\/\/secure.gravatar.com\/avatar\/01f1708c07ad1e96486b333b447c55a6639abb2e7fe8911639cdafa4ee687367?s=96&d=mm&r=g\",\"contentUrl\":\"https:\/\/secure.gravatar.com\/avatar\/01f1708c07ad1e96486b333b447c55a6639abb2e7fe8911639cdafa4ee687367?s=96&d=mm&r=g\",\"caption\":\"admin\"},\"url\":\"https:\/\/www.gremi-obres.org\/es\/author\/admin\/\"}]}<\/script>\n<!-- \/ Yoast SEO plugin. -->","yoast_head_json":{"title":"Empreses sostenibles en la gesti\u00f3 de residus de les obres. Empreses Recons - Gremi de Constructors d&#039;Obres de Barcelona i Comarques","robots":{"index":"index","follow":"follow","max-snippet":"max-snippet:-1","max-image-preview":"max-image-preview:large","max-video-preview":"max-video-preview:-1"},"canonical":"https:\/\/www.gremi-obres.org\/empreses-sostenibles-en-la-gestio-de-residus-de-les-obres-empreses-recons\/","og_locale":"es_ES","og_type":"article","og_title":"Empreses sostenibles en la gesti\u00f3 de residus de les obres. Empreses Recons - Gremi de Constructors d&#039;Obres de Barcelona i Comarques","og_description":"Al mar\u00e7 es complia un any des del lliurament dels primers certificats a les empreses que es van oferir per arrencar aquest projecte que \u00e9s Recons I que t\u00e9 com a objectiu distingir davant de la societat i dels clients a aquelles empreses que duen a terme una gesti\u00f3 responsable dels residus de les seves obres. En un any marcat per la pand\u00e8mia, des de la Fundaci\u00f3 Privada per a l&#8217;Ordenaci\u00f3 del Sector de la Construcci\u00f3 a Catalunya, instituci\u00f3 sense afany de lucre promoguda pel Gremi i la Cambra oficial de Contractistes d&#8217;Obres de Catalunya (CCOC); hem mantingut la voluntat","og_url":"https:\/\/www.gremi-obres.org\/empreses-sostenibles-en-la-gestio-de-residus-de-les-obres-empreses-recons\/","og_site_name":"Gremi de Constructors d&#039;Obres de Barcelona i Comarques","article_published_time":"2021-05-27T03:59:28+00:00","og_image":[{"width":1280,"height":720,"url":"https:\/\/www.gremi-obres.org\/wp-content\/uploads\/2021\/05\/BANNER-RECONS.png","type":"image\/png"}],"author":"admin","twitter_card":"summary_large_image","twitter_misc":{"Escrito por":"admin","Tiempo de lectura":"4 minutos"},"schema":{"@context":"https:\/\/schema.org","@graph":[{"@type":"WebPage","@id":"https:\/\/www.gremi-obres.org\/empreses-sostenibles-en-la-gestio-de-residus-de-les-obres-empreses-recons\/","url":"https:\/\/www.gremi-obres.org\/empreses-sostenibles-en-la-gestio-de-residus-de-les-obres-empreses-recons\/","name":"Empreses sostenibles en la gesti\u00f3 de residus de les obres. Empreses Recons - Gremi de Constructors d&#039;Obres de Barcelona i Comarques","isPartOf":{"@id":"https:\/\/www.gremi-obres.org\/#website"},"primaryImageOfPage":{"@id":"https:\/\/www.gremi-obres.org\/empreses-sostenibles-en-la-gestio-de-residus-de-les-obres-empreses-recons\/#primaryimage"},"image":{"@id":"https:\/\/www.gremi-obres.org\/empreses-sostenibles-en-la-gestio-de-residus-de-les-obres-empreses-recons\/#primaryimage"},"thumbnailUrl":"https:\/\/www.gremi-obres.org\/wp-content\/uploads\/2021\/05\/BANNER-RECONS.png","datePublished":"2021-05-27T03:59:28+00:00","author":{"@id":"https:\/\/www.gremi-obres.org\/#\/schema\/person\/0899d1bf9c0590005d47809f9315d840"},"breadcrumb":{"@id":"https:\/\/www.gremi-obres.org\/empreses-sostenibles-en-la-gestio-de-residus-de-les-obres-empreses-recons\/#breadcrumb"},"inLanguage":"es","potentialAction":[{"@type":"ReadAction","target":["https:\/\/www.gremi-obres.org\/empreses-sostenibles-en-la-gestio-de-residus-de-les-obres-empreses-recons\/"]}]},{"@type":"ImageObject","inLanguage":"es","@id":"https:\/\/www.gremi-obres.org\/empreses-sostenibles-en-la-gestio-de-residus-de-les-obres-empreses-recons\/#primaryimage","url":"https:\/\/www.gremi-obres.org\/wp-content\/uploads\/2021\/05\/BANNER-RECONS.png","contentUrl":"https:\/\/www.gremi-obres.org\/wp-content\/uploads\/2021\/05\/BANNER-RECONS.png","width":1280,"height":720},{"@type":"BreadcrumbList","@id":"https:\/\/www.gremi-obres.org\/empreses-sostenibles-en-la-gestio-de-residus-de-les-obres-empreses-recons\/#breadcrumb","itemListElement":[{"@type":"ListItem","position":1,"name":"Inici","item":"https:\/\/www.gremi-obres.org\/es\/"},{"@type":"ListItem","position":2,"name":"Empreses sostenibles en la gesti\u00f3 de residus de les obres. Empreses Recons"}]},{"@type":"WebSite","@id":"https:\/\/www.gremi-obres.org\/#website","url":"https:\/\/www.gremi-obres.org\/","name":"Gremi de Constructors d&#039;Obres de Barcelona i Comarques","description":"La missi\u00f3 del Gremi \u00e9s la de defensar els  interessos de les empreses constructores i rehabilitadores agremiades i recolzar-les en les necessitats de la seva activitat mitjan\u00e7ant serveis, recursos, formaci\u00f3, assessorament i informaci\u00f3","potentialAction":[{"@type":"SearchAction","target":{"@type":"EntryPoint","urlTemplate":"https:\/\/www.gremi-obres.org\/?s={search_term_string}"},"query-input":{"@type":"PropertyValueSpecification","valueRequired":true,"valueName":"search_term_string"}}],"inLanguage":"es"},{"@type":"Person","@id":"https:\/\/www.gremi-obres.org\/#\/schema\/person\/0899d1bf9c0590005d47809f9315d840","name":"admin","image":{"@type":"ImageObject","inLanguage":"es","@id":"https:\/\/www.gremi-obres.org\/#\/schema\/person\/image\/","url":"https:\/\/secure.gravatar.com\/avatar\/01f1708c07ad1e96486b333b447c55a6639abb2e7fe8911639cdafa4ee687367?s=96&d=mm&r=g","contentUrl":"https:\/\/secure.gravatar.com\/avatar\/01f1708c07ad1e96486b333b447c55a6639abb2e7fe8911639cdafa4ee687367?s=96&d=mm&r=g","caption":"admin"},"url":"https:\/\/www.gremi-obres.org\/es\/author\/admin\/"}]}},"jetpack_featured_media_url":"https:\/\/www.gremi-obres.org\/wp-content\/uploads\/2021\/05\/BANNER-RECONS.png","_links":{"self":[{"href":"https:\/\/www.gremi-obres.org\/es\/wp-json\/wp\/v2\/posts\/27151","targetHints":{"allow":["GET"]}}],"collection":[{"href":"https:\/\/www.gremi-obres.org\/es\/wp-json\/wp\/v2\/posts"}],"about":[{"href":"https:\/\/www.gremi-obres.org\/es\/wp-json\/wp\/v2\/types\/post"}],"author":[{"embeddable":true,"href":"https:\/\/www.gremi-obres.org\/es\/wp-json\/wp\/v2\/users\/1"}],"replies":[{"embeddable":true,"href":"https:\/\/www.gremi-obres.org\/es\/wp-json\/wp\/v2\/comments?post=27151"}],"version-history":[{"count":1,"href":"https:\/\/www.gremi-obres.org\/es\/wp-json\/wp\/v2\/posts\/27151\/revisions"}],"predecessor-version":[{"id":27153,"href":"https:\/\/www.gremi-obres.org\/es\/wp-json\/wp\/v2\/posts\/27151\/revisions\/27153"}],"wp:featuredmedia":[{"embeddable":true,"href":"https:\/\/www.gremi-obres.org\/es\/wp-json\/wp\/v2\/media\/27145"}],"wp:attachment":[{"href":"https:\/\/www.gremi-obres.org\/es\/wp-json\/wp\/v2\/media?parent=27151"}],"wp:term":[{"taxonomy":"category","embeddable":true,"href":"https:\/\/www.gremi-obres.org\/es\/wp-json\/wp\/v2\/categories?post=27151"},{"taxonomy":"post_tag","embeddable":true,"href":"https:\/\/www.gremi-obres.org\/es\/wp-json\/wp\/v2\/tags?post=27151"}],"curies":[{"name":"wp","href":"https:\/\/api.w.org\/{rel}","templated":true}]}}