{"id":27027,"date":"2021-05-20T13:29:29","date_gmt":"2021-05-20T05:29:29","guid":{"rendered":"https:\/\/gremi-obres.org\/?p=27027"},"modified":"2021-05-20T13:37:45","modified_gmt":"2021-05-20T05:37:45","slug":"fons-europeus-per-impulsar-la-rehabilitacio-dhabitatges","status":"publish","type":"post","link":"https:\/\/www.gremi-obres.org\/es\/fons-europeus-per-impulsar-la-rehabilitacio-dhabitatges\/","title":{"rendered":"FONS EUROPEUS PER IMPULSAR LA REHABILITACI\u00d3 D\u2019HABITATGES"},"content":{"rendered":"<hr \/>\n<p><strong>Josep Gassiot Matas, <\/strong>President del Gremi de Constructors d\u2019Obres de Barcelona i Comarques<\/p>\n<hr \/>\n<p><img loading=\"lazy\" decoding=\"async\" class=\"wp-image-27022 alignright\" src=\"https:\/\/gremi-obres.org\/wp-content\/uploads\/2021\/05\/FOTO-JOSEP.png\" alt=\"\" width=\"126\" height=\"129\" srcset=\"https:\/\/www.gremi-obres.org\/wp-content\/uploads\/2021\/05\/FOTO-JOSEP.png 438w, https:\/\/www.gremi-obres.org\/wp-content\/uploads\/2021\/05\/FOTO-JOSEP-294x300.png 294w\" sizes=\"auto, (max-width: 126px) 100vw, 126px\" \/><\/p>\n<h5>Els Fons Europeus per a la Recuperaci\u00f3 Next Generation UE (NG) han despertat expectatives en tots els \u00e0mbits econ\u00f2mics i el Mecanisme de Recuperaci\u00f3 y Resili\u00e8ncia (MRR) ha concretat la distribuci\u00f3 dels recursos esperats. En una<span style=\"color: #0000ff;\"><a style=\"color: #0000ff;\" href=\"https:\/\/gremi-obres.org\/fondos-de-recuperacion-de-la-union-europea-entrevista-a-ma-angeles-asenjo-directora-del-departamento-internacional-de-la-cnc\/\" target=\"_blank\" rel=\"noopener\"> entrevista precedent<\/a><\/span> la Sra. M\u00aa Angeles Asenjo, directora del Departament Internacional de la Confederaci\u00f3n Nacional de la Construcci\u00f3n, aporta una informaci\u00f3 valuosa que hem de considerar.<\/h5>\n<p>Els Fons Europeus per a la Recuperaci\u00f3 Next Generation UE (NG) han despertat expectatives en tots els \u00e0mbits econ\u00f2mics i el Mecanisme de Recuperaci\u00f3 y Resili\u00e8ncia (MRR) ha concretat la distribuci\u00f3 dels recursos esperats. En una<a href=\"https:\/\/gremi-obres.org\/fondos-de-recuperacion-de-la-union-europea-entrevista-a-ma-angeles-asenjo-directora-del-departamento-internacional-de-la-cnc\/\" target=\"_blank\" rel=\"noopener\"> entrevista precedent<\/a> la Sra. M\u00aa Angeles Asenjo, directora del Departament Internacional de la Confederaci\u00f3n Nacional de la Construcci\u00f3n, aporta una informaci\u00f3 valuosa que hem de considerar.<\/p>\n<p>Per part del Gremi hem treballat per intentar fer arribar als responsables de les diferents administracions implicades les nostres inquietuds i les necessitats que cal atendre en el nostre sector. Sortosament, \u00e9s un\u00e0nimement acceptada la incid\u00e8ncia positiva de la renovaci\u00f3 d\u2019habitatges i d\u2019edificis p\u00fablics en la seguretat i salut dels ciutadans. La publicaci\u00f3 del document de la Comissi\u00f3 Europea titulat Onada de renovaci\u00f3 d\u2019edificis aix\u00ed ho confirma.<\/p>\n<p><strong>Impacte dels Fons Next Generation al sector<br \/>\n<\/strong><br \/>\nLa pand\u00e8mia ha paralitzat gran part de l\u2019activitat econ\u00f2mica. La construcci\u00f3 fins ara ha sigut dels sectors menys afectats i com sempre el nostre sector viu les crisis amb retard. S\u2019han acabat les obres iniciades, per\u00f2 la paralitzaci\u00f3 i el posterior alentiment de les administracions dificulten la reactivaci\u00f3 de l\u2019activitat. La presa de decisions a les Comunitats de Propietaris es retarden per la prohibici\u00f3 de reunions i les alternatives basades en la digitalitzaci\u00f3 no acaben de funcionar. Les licitacions p\u00fabliques estan als nivells m\u00e9s baixos des de fa d\u00e8cades. Si les administracions s\u00f3n lentes en la presa de decisions i els privats estan quasi paralitzats&#8230; com podrem gestionar els fons (NG) i la seva concreci\u00f3 en els Plans MMR ?<\/p>\n<p>Es necessari, per evitar el tancament de nombroses PIMES, que en el segon semestre d\u2019enguany es licitin obres de rehabilitaci\u00f3 i es convoquin paquets de subvencions en la l\u00ednia dels fons. No s\u2019hauria d\u2019esperar al 2022 i les administracions podrien realitzar convocat\u00f2ries pont esperant la concreci\u00f3 de l\u2019atribuci\u00f3 dels fons europeus i de les condicions requerides per la seva execuci\u00f3.<\/p>\n<hr \/>\n<p><strong>Per\u00f2 qu\u00e8 demana el Gremi per concretar en relaci\u00f3 als fons NG?<\/strong><\/p>\n<p>&#8211; Definir les condicions per accedir als ajuts per la renovaci\u00f3 d\u2019habitatges. Els requeriments han de ser adaptats a la realitat dels edificis existents i a les possibilitats dels seus propietaris i ocupants.<\/p>\n<p>&#8211; Simplificar els tr\u00e0mits administratius i de gesti\u00f3 que avui condicionen els projectes de rehabilitaci\u00f3 i renovaci\u00f3 dels habitatges. Establir \u201cfinestretes \u00faniques\u201d que coordinin les gestions dels projectes i ajudin als ciutadans.<\/p>\n<p>&#8211; Establir acords de col\u00b7laboraci\u00f3 entre administracions i col\u00b7legis professionals i gremis per tal que aquets puguin actuar com agents assessors i col\u00b7laboradors per impulsar projectes de millora dels habitatges. Cal aprofitar l\u2019experi\u00e8ncia acumulada de molts anys de feina en aquest \u00e0mbit que ara cal ampliar i millorar especialment amb la incorporaci\u00f3 de m\u00e9s recursos i noves t\u00e8cniques m\u00e9s eficients.<\/p>\n<p>&#8211; Cal demanar que el finan\u00e7ament dels ajuts no caigui sobre les empreses constructores. Una interpretaci\u00f3 molt restrictiva de la legislaci\u00f3 sobre subvencions ha fet que fins ara les obres de millora d\u2019habitatges es financin en part amb el cr\u00e8dit del constructor. Les disposicions sobre els fons NG haurien d\u2019esmenar aquesta situaci\u00f3 amb les exig\u00e8ncies de control necess\u00e0ries per\u00f2 evitant que es cobrin en terminis inadequats.<\/p>\n<p>&#8211; S\u2019ha de posar en valor l\u2019esfor\u00e7 de les empreses especialitzades en rehabilitaci\u00f3 per incorporar noves t\u00e8cniques que milloren el comportament passiu dels edificis en l\u2019aspecte energ\u00e8tic i que fan \u00fas d\u2019energies renovables en el parc d\u2019habitatges.<\/p>\n<p>Al Gremi portem molts anys apostant per l\u2019especialitzaci\u00f3 en renovaci\u00f3, rehabilitaci\u00f3 i manteniment dels edificis. En aquesta lluita, comptem amb la Comissi\u00f3 RiMe, amb el grup Impulsar la Rehabilitaci\u00f3, aix\u00ed com amb els segells Consta (responsabilitat empresarial) i Recons (gesti\u00f3 de residus). Totes elles s\u00f3n iniciatives per reivindicar la professionalitat i l\u2019especialitzaci\u00f3 en aquest sector de la construcci\u00f3<br \/>\nEn aquesta l\u00ednia treballem tamb\u00e9 per exigir que s\u2019actu\u00ef sense dilacions, que s\u2019aprofiti l\u2019experi\u00e8ncia acumulada en el sector, amb exig\u00e8ncies de millora, amb realisme i agilitat i evitant la burocratitzaci\u00f3 que tant mal ens ha fet.<\/p>\n","protected":false},"excerpt":{"rendered":"<p>Josep Gassiot Matas, President del Gremi de Constructors d\u2019Obres de Barcelona i Comarques Els Fons Europeus per a la Recuperaci\u00f3 Next Generation UE (NG) han despertat expectatives en tots els \u00e0mbits econ\u00f2mics i el Mecanisme de Recuperaci\u00f3 y Resili\u00e8ncia (MRR) ha concretat la distribuci\u00f3 dels recursos esperats. En una entrevista precedent la Sra. M\u00aa Angeles Asenjo, directora del Departament Internacional de la Confederaci\u00f3n Nacional de la Construcci\u00f3n, aporta una informaci\u00f3 valuosa que hem de considerar. Els Fons Europeus per a la Recuperaci\u00f3 Next Generation UE (NG) han despertat expectatives en tots els \u00e0mbits econ\u00f2mics i el Mecanisme de Recuperaci\u00f3 y<\/p>\n","protected":false},"author":1,"featured_media":27029,"comment_status":"open","ping_status":"open","sticky":false,"template":"","format":"standard","meta":{"_acf_changed":false,"footnotes":""},"categories":[348],"tags":[],"class_list":["post-27027","post","type-post","status-publish","format-standard","has-post-thumbnail","hentry","category-sin-categorizar"],"acf":[],"yoast_head":"<!-- This site is optimized with the Yoast SEO plugin v26.6 - https:\/\/yoast.com\/wordpress\/plugins\/seo\/ -->\n<title>FONS EUROPEUS PER IMPULSAR LA REHABILITACI\u00d3 D\u2019HABITATGES - Gremi de Constructors d&#039;Obres de Barcelona i Comarques<\/title>\n<meta name=\"robots\" content=\"index, follow, max-snippet:-1, max-image-preview:large, max-video-preview:-1\" \/>\n<link rel=\"canonical\" href=\"https:\/\/www.gremi-obres.org\/es\/fons-europeus-per-impulsar-la-rehabilitacio-dhabitatges\/\" \/>\n<meta property=\"og:locale\" content=\"es_ES\" \/>\n<meta property=\"og:type\" content=\"article\" \/>\n<meta property=\"og:title\" content=\"FONS EUROPEUS PER IMPULSAR LA REHABILITACI\u00d3 D\u2019HABITATGES - Gremi de Constructors d&#039;Obres de Barcelona i Comarques\" \/>\n<meta property=\"og:description\" content=\"Josep Gassiot Matas, President del Gremi de Constructors d\u2019Obres de Barcelona i Comarques Els Fons Europeus per a la Recuperaci\u00f3 Next Generation UE (NG) han despertat expectatives en tots els \u00e0mbits econ\u00f2mics i el Mecanisme de Recuperaci\u00f3 y Resili\u00e8ncia (MRR) ha concretat la distribuci\u00f3 dels recursos esperats. En una entrevista precedent la Sra. M\u00aa Angeles Asenjo, directora del Departament Internacional de la Confederaci\u00f3n Nacional de la Construcci\u00f3n, aporta una informaci\u00f3 valuosa que hem de considerar. Els Fons Europeus per a la Recuperaci\u00f3 Next Generation UE (NG) han despertat expectatives en tots els \u00e0mbits econ\u00f2mics i el Mecanisme de Recuperaci\u00f3 y\" \/>\n<meta property=\"og:url\" content=\"https:\/\/www.gremi-obres.org\/es\/fons-europeus-per-impulsar-la-rehabilitacio-dhabitatges\/\" \/>\n<meta property=\"og:site_name\" content=\"Gremi de Constructors d&#039;Obres de Barcelona i Comarques\" \/>\n<meta property=\"article:published_time\" content=\"2021-05-20T05:29:29+00:00\" \/>\n<meta property=\"article:modified_time\" content=\"2021-05-20T05:37:45+00:00\" \/>\n<meta property=\"og:image\" content=\"https:\/\/www.gremi-obres.org\/wp-content\/uploads\/2021\/05\/REHAB-EDIFICIOS-1.png\" \/>\n\t<meta property=\"og:image:width\" content=\"852\" \/>\n\t<meta property=\"og:image:height\" content=\"314\" \/>\n\t<meta property=\"og:image:type\" content=\"image\/png\" \/>\n<meta name=\"author\" content=\"admin\" \/>\n<meta name=\"twitter:card\" content=\"summary_large_image\" \/>\n<meta name=\"twitter:label1\" content=\"Escrito por\" \/>\n\t<meta name=\"twitter:data1\" content=\"admin\" \/>\n\t<meta name=\"twitter:label2\" content=\"Tiempo de lectura\" \/>\n\t<meta name=\"twitter:data2\" content=\"4 minutos\" \/>\n<script type=\"application\/ld+json\" class=\"yoast-schema-graph\">{\"@context\":\"https:\/\/schema.org\",\"@graph\":[{\"@type\":\"WebPage\",\"@id\":\"https:\/\/www.gremi-obres.org\/es\/fons-europeus-per-impulsar-la-rehabilitacio-dhabitatges\/\",\"url\":\"https:\/\/www.gremi-obres.org\/es\/fons-europeus-per-impulsar-la-rehabilitacio-dhabitatges\/\",\"name\":\"FONS EUROPEUS PER IMPULSAR LA REHABILITACI\u00d3 D\u2019HABITATGES - Gremi de Constructors d&#039;Obres de Barcelona i Comarques\",\"isPartOf\":{\"@id\":\"https:\/\/www.gremi-obres.org\/#website\"},\"primaryImageOfPage\":{\"@id\":\"https:\/\/www.gremi-obres.org\/es\/fons-europeus-per-impulsar-la-rehabilitacio-dhabitatges\/#primaryimage\"},\"image\":{\"@id\":\"https:\/\/www.gremi-obres.org\/es\/fons-europeus-per-impulsar-la-rehabilitacio-dhabitatges\/#primaryimage\"},\"thumbnailUrl\":\"https:\/\/www.gremi-obres.org\/wp-content\/uploads\/2021\/05\/REHAB-EDIFICIOS-1.png\",\"datePublished\":\"2021-05-20T05:29:29+00:00\",\"dateModified\":\"2021-05-20T05:37:45+00:00\",\"author\":{\"@id\":\"https:\/\/www.gremi-obres.org\/#\/schema\/person\/0899d1bf9c0590005d47809f9315d840\"},\"breadcrumb\":{\"@id\":\"https:\/\/www.gremi-obres.org\/es\/fons-europeus-per-impulsar-la-rehabilitacio-dhabitatges\/#breadcrumb\"},\"inLanguage\":\"es\",\"potentialAction\":[{\"@type\":\"ReadAction\",\"target\":[\"https:\/\/www.gremi-obres.org\/es\/fons-europeus-per-impulsar-la-rehabilitacio-dhabitatges\/\"]}]},{\"@type\":\"ImageObject\",\"inLanguage\":\"es\",\"@id\":\"https:\/\/www.gremi-obres.org\/es\/fons-europeus-per-impulsar-la-rehabilitacio-dhabitatges\/#primaryimage\",\"url\":\"https:\/\/www.gremi-obres.org\/wp-content\/uploads\/2021\/05\/REHAB-EDIFICIOS-1.png\",\"contentUrl\":\"https:\/\/www.gremi-obres.org\/wp-content\/uploads\/2021\/05\/REHAB-EDIFICIOS-1.png\",\"width\":852,\"height\":314},{\"@type\":\"BreadcrumbList\",\"@id\":\"https:\/\/www.gremi-obres.org\/es\/fons-europeus-per-impulsar-la-rehabilitacio-dhabitatges\/#breadcrumb\",\"itemListElement\":[{\"@type\":\"ListItem\",\"position\":1,\"name\":\"Inici\",\"item\":\"https:\/\/www.gremi-obres.org\/es\/\"},{\"@type\":\"ListItem\",\"position\":2,\"name\":\"FONS EUROPEUS PER IMPULSAR LA REHABILITACI\u00d3 D\u2019HABITATGES\"}]},{\"@type\":\"WebSite\",\"@id\":\"https:\/\/www.gremi-obres.org\/#website\",\"url\":\"https:\/\/www.gremi-obres.org\/\",\"name\":\"Gremi de Constructors d&#039;Obres de Barcelona i Comarques\",\"description\":\"La missi\u00f3 del Gremi \u00e9s la de defensar els  interessos de les empreses constructores i rehabilitadores agremiades i recolzar-les en les necessitats de la seva activitat mitjan\u00e7ant serveis, recursos, formaci\u00f3, assessorament i informaci\u00f3\",\"potentialAction\":[{\"@type\":\"SearchAction\",\"target\":{\"@type\":\"EntryPoint\",\"urlTemplate\":\"https:\/\/www.gremi-obres.org\/?s={search_term_string}\"},\"query-input\":{\"@type\":\"PropertyValueSpecification\",\"valueRequired\":true,\"valueName\":\"search_term_string\"}}],\"inLanguage\":\"es\"},{\"@type\":\"Person\",\"@id\":\"https:\/\/www.gremi-obres.org\/#\/schema\/person\/0899d1bf9c0590005d47809f9315d840\",\"name\":\"admin\",\"image\":{\"@type\":\"ImageObject\",\"inLanguage\":\"es\",\"@id\":\"https:\/\/www.gremi-obres.org\/#\/schema\/person\/image\/\",\"url\":\"https:\/\/secure.gravatar.com\/avatar\/01f1708c07ad1e96486b333b447c55a6639abb2e7fe8911639cdafa4ee687367?s=96&d=mm&r=g\",\"contentUrl\":\"https:\/\/secure.gravatar.com\/avatar\/01f1708c07ad1e96486b333b447c55a6639abb2e7fe8911639cdafa4ee687367?s=96&d=mm&r=g\",\"caption\":\"admin\"},\"url\":\"https:\/\/www.gremi-obres.org\/es\/author\/admin\/\"}]}<\/script>\n<!-- \/ Yoast SEO plugin. -->","yoast_head_json":{"title":"FONS EUROPEUS PER IMPULSAR LA REHABILITACI\u00d3 D\u2019HABITATGES - Gremi de Constructors d&#039;Obres de Barcelona i Comarques","robots":{"index":"index","follow":"follow","max-snippet":"max-snippet:-1","max-image-preview":"max-image-preview:large","max-video-preview":"max-video-preview:-1"},"canonical":"https:\/\/www.gremi-obres.org\/es\/fons-europeus-per-impulsar-la-rehabilitacio-dhabitatges\/","og_locale":"es_ES","og_type":"article","og_title":"FONS EUROPEUS PER IMPULSAR LA REHABILITACI\u00d3 D\u2019HABITATGES - Gremi de Constructors d&#039;Obres de Barcelona i Comarques","og_description":"Josep Gassiot Matas, President del Gremi de Constructors d\u2019Obres de Barcelona i Comarques Els Fons Europeus per a la Recuperaci\u00f3 Next Generation UE (NG) han despertat expectatives en tots els \u00e0mbits econ\u00f2mics i el Mecanisme de Recuperaci\u00f3 y Resili\u00e8ncia (MRR) ha concretat la distribuci\u00f3 dels recursos esperats. En una entrevista precedent la Sra. M\u00aa Angeles Asenjo, directora del Departament Internacional de la Confederaci\u00f3n Nacional de la Construcci\u00f3n, aporta una informaci\u00f3 valuosa que hem de considerar. Els Fons Europeus per a la Recuperaci\u00f3 Next Generation UE (NG) han despertat expectatives en tots els \u00e0mbits econ\u00f2mics i el Mecanisme de Recuperaci\u00f3 y","og_url":"https:\/\/www.gremi-obres.org\/es\/fons-europeus-per-impulsar-la-rehabilitacio-dhabitatges\/","og_site_name":"Gremi de Constructors d&#039;Obres de Barcelona i Comarques","article_published_time":"2021-05-20T05:29:29+00:00","article_modified_time":"2021-05-20T05:37:45+00:00","og_image":[{"width":852,"height":314,"url":"https:\/\/www.gremi-obres.org\/wp-content\/uploads\/2021\/05\/REHAB-EDIFICIOS-1.png","type":"image\/png"}],"author":"admin","twitter_card":"summary_large_image","twitter_misc":{"Escrito por":"admin","Tiempo de lectura":"4 minutos"},"schema":{"@context":"https:\/\/schema.org","@graph":[{"@type":"WebPage","@id":"https:\/\/www.gremi-obres.org\/es\/fons-europeus-per-impulsar-la-rehabilitacio-dhabitatges\/","url":"https:\/\/www.gremi-obres.org\/es\/fons-europeus-per-impulsar-la-rehabilitacio-dhabitatges\/","name":"FONS EUROPEUS PER IMPULSAR LA REHABILITACI\u00d3 D\u2019HABITATGES - Gremi de Constructors d&#039;Obres de Barcelona i Comarques","isPartOf":{"@id":"https:\/\/www.gremi-obres.org\/#website"},"primaryImageOfPage":{"@id":"https:\/\/www.gremi-obres.org\/es\/fons-europeus-per-impulsar-la-rehabilitacio-dhabitatges\/#primaryimage"},"image":{"@id":"https:\/\/www.gremi-obres.org\/es\/fons-europeus-per-impulsar-la-rehabilitacio-dhabitatges\/#primaryimage"},"thumbnailUrl":"https:\/\/www.gremi-obres.org\/wp-content\/uploads\/2021\/05\/REHAB-EDIFICIOS-1.png","datePublished":"2021-05-20T05:29:29+00:00","dateModified":"2021-05-20T05:37:45+00:00","author":{"@id":"https:\/\/www.gremi-obres.org\/#\/schema\/person\/0899d1bf9c0590005d47809f9315d840"},"breadcrumb":{"@id":"https:\/\/www.gremi-obres.org\/es\/fons-europeus-per-impulsar-la-rehabilitacio-dhabitatges\/#breadcrumb"},"inLanguage":"es","potentialAction":[{"@type":"ReadAction","target":["https:\/\/www.gremi-obres.org\/es\/fons-europeus-per-impulsar-la-rehabilitacio-dhabitatges\/"]}]},{"@type":"ImageObject","inLanguage":"es","@id":"https:\/\/www.gremi-obres.org\/es\/fons-europeus-per-impulsar-la-rehabilitacio-dhabitatges\/#primaryimage","url":"https:\/\/www.gremi-obres.org\/wp-content\/uploads\/2021\/05\/REHAB-EDIFICIOS-1.png","contentUrl":"https:\/\/www.gremi-obres.org\/wp-content\/uploads\/2021\/05\/REHAB-EDIFICIOS-1.png","width":852,"height":314},{"@type":"BreadcrumbList","@id":"https:\/\/www.gremi-obres.org\/es\/fons-europeus-per-impulsar-la-rehabilitacio-dhabitatges\/#breadcrumb","itemListElement":[{"@type":"ListItem","position":1,"name":"Inici","item":"https:\/\/www.gremi-obres.org\/es\/"},{"@type":"ListItem","position":2,"name":"FONS EUROPEUS PER IMPULSAR LA REHABILITACI\u00d3 D\u2019HABITATGES"}]},{"@type":"WebSite","@id":"https:\/\/www.gremi-obres.org\/#website","url":"https:\/\/www.gremi-obres.org\/","name":"Gremi de Constructors d&#039;Obres de Barcelona i Comarques","description":"La missi\u00f3 del Gremi \u00e9s la de defensar els  interessos de les empreses constructores i rehabilitadores agremiades i recolzar-les en les necessitats de la seva activitat mitjan\u00e7ant serveis, recursos, formaci\u00f3, assessorament i informaci\u00f3","potentialAction":[{"@type":"SearchAction","target":{"@type":"EntryPoint","urlTemplate":"https:\/\/www.gremi-obres.org\/?s={search_term_string}"},"query-input":{"@type":"PropertyValueSpecification","valueRequired":true,"valueName":"search_term_string"}}],"inLanguage":"es"},{"@type":"Person","@id":"https:\/\/www.gremi-obres.org\/#\/schema\/person\/0899d1bf9c0590005d47809f9315d840","name":"admin","image":{"@type":"ImageObject","inLanguage":"es","@id":"https:\/\/www.gremi-obres.org\/#\/schema\/person\/image\/","url":"https:\/\/secure.gravatar.com\/avatar\/01f1708c07ad1e96486b333b447c55a6639abb2e7fe8911639cdafa4ee687367?s=96&d=mm&r=g","contentUrl":"https:\/\/secure.gravatar.com\/avatar\/01f1708c07ad1e96486b333b447c55a6639abb2e7fe8911639cdafa4ee687367?s=96&d=mm&r=g","caption":"admin"},"url":"https:\/\/www.gremi-obres.org\/es\/author\/admin\/"}]}},"jetpack_featured_media_url":"https:\/\/www.gremi-obres.org\/wp-content\/uploads\/2021\/05\/REHAB-EDIFICIOS-1.png","_links":{"self":[{"href":"https:\/\/www.gremi-obres.org\/es\/wp-json\/wp\/v2\/posts\/27027","targetHints":{"allow":["GET"]}}],"collection":[{"href":"https:\/\/www.gremi-obres.org\/es\/wp-json\/wp\/v2\/posts"}],"about":[{"href":"https:\/\/www.gremi-obres.org\/es\/wp-json\/wp\/v2\/types\/post"}],"author":[{"embeddable":true,"href":"https:\/\/www.gremi-obres.org\/es\/wp-json\/wp\/v2\/users\/1"}],"replies":[{"embeddable":true,"href":"https:\/\/www.gremi-obres.org\/es\/wp-json\/wp\/v2\/comments?post=27027"}],"version-history":[{"count":6,"href":"https:\/\/www.gremi-obres.org\/es\/wp-json\/wp\/v2\/posts\/27027\/revisions"}],"predecessor-version":[{"id":27042,"href":"https:\/\/www.gremi-obres.org\/es\/wp-json\/wp\/v2\/posts\/27027\/revisions\/27042"}],"wp:featuredmedia":[{"embeddable":true,"href":"https:\/\/www.gremi-obres.org\/es\/wp-json\/wp\/v2\/media\/27029"}],"wp:attachment":[{"href":"https:\/\/www.gremi-obres.org\/es\/wp-json\/wp\/v2\/media?parent=27027"}],"wp:term":[{"taxonomy":"category","embeddable":true,"href":"https:\/\/www.gremi-obres.org\/es\/wp-json\/wp\/v2\/categories?post=27027"},{"taxonomy":"post_tag","embeddable":true,"href":"https:\/\/www.gremi-obres.org\/es\/wp-json\/wp\/v2\/tags?post=27027"}],"curies":[{"name":"wp","href":"https:\/\/api.w.org\/{rel}","templated":true}]}}