{"id":26478,"date":"2021-01-13T17:55:58","date_gmt":"2021-01-13T09:55:58","guid":{"rendered":"https:\/\/gremi-obres.org\/?p=26478"},"modified":"2021-01-13T17:55:58","modified_gmt":"2021-01-13T09:55:58","slug":"avantprojecte-derradicacio-de-lamiant-de-la-generalitat-de-catalunya","status":"publish","type":"post","link":"https:\/\/www.gremi-obres.org\/es\/avantprojecte-derradicacio-de-lamiant-de-la-generalitat-de-catalunya\/","title":{"rendered":"AVANTPROJECTE D\u2019ERRADICACI\u00d3 DE L\u2019AMIANT DE LA GENERALITAT DE CATALUNYA"},"content":{"rendered":"<p><strong>Darrerament la Generalitat de Catalunya ha engegat una consulta de participaci\u00f3 ciutadana dirigida tant a ciutadans, com a organismes, professionals o entitats, pr\u00e8via a la elaboraci\u00f3 de la llei d\u2019erradicaci\u00f3 de l\u2019amiant, accessible via web a: <a href=\"https:\/\/participa.gencat.cat\/processes\/Erradicacio-amiant?locale=ca\">https:\/\/participa.gencat.cat\/processes\/Erradicacio-amiant?locale=ca<\/a><\/strong><\/p>\n<p>En aquest sentit, es convida als participants a opinar i aportar possibles solucions a l\u2019enfocament d\u2019un problema de gran abast, que \u00e9s la retirada de tot l\u2019amiant que hi ha present en el nostre entorn, b\u00e9 sigui en vivendes, ind\u00fastries, espais p\u00fablics, etc. Tot plegat fa pensar que acabar\u00e0 en una llei d\u2019erradicaci\u00f3 de l\u2019amiant que anir\u00e0 acompanyada d\u2019unes partides de subvencions per a facilitar i promoure aquest desamiantat general del pa\u00eds.<\/p>\n<p>\u00c9s d\u2019esperar, doncs, que es generi en els propers anys un augment d\u2019aquestes activitats en les empreses del sector de la construcci\u00f3 que estiguin especialitzades en aquest \u00e0mbit, fet que \u00e9s una bona not\u00edcia per la salut p\u00fablica i l\u2019activitat econ\u00f2mica en general, per\u00f2 no podem oblidar que es generar\u00e0 tamb\u00e9 un augment del risc d\u2019exposici\u00f3 a pols d\u2019amiant per part dels treballadors d\u2019aquestes empreses, que dedicaran m\u00e9s hores de feina a aquest tipus de tasques, i per la ciutadania de l\u2019entorn on es desenvolupin les retirades d\u2019amiant.<\/p>\n<p>No oblidem que una mala praxis\u00a0durant el desamiantat pot exposar als treballadors a pols que cont\u00e9 amiant, que poden estar m\u00e9s o menys protegits, per\u00f2 tamb\u00e9 pot exposar a la ciutadania que viu en l\u2019entorn d\u2019on es realitzen els treballs i que no van protegits per aquest risc.<\/p>\n<p>Aix\u00f2, per si sol, ens fa pensar en el fet de la import\u00e0ncia de la especialitzaci\u00f3 de les empreses que participin en els desamiantats, tant per garantir la salut dels treballadors que participin a l\u2019obra com la dels ciutadans.<\/p>\n<p>Aquesta especialitzaci\u00f3 passa per adquirir experi\u00e8ncia pr\u00e0ctica en els desamiantats, aprendre dels errors comesos, dedicar a aquestes tasques perfils d\u2019operaris molt concrets i particularment curosos dels detalls, per\u00f2 tamb\u00e9 per una continuada conscienciaci\u00f3 del risc i a no baixar la gu\u00e0rdia malgrat que el treball amb amiant s\u2019acabi convertint en una rutina. degut a l\u2019alta demanada de tasques d\u2019aquest estil.<\/p>\n<p>En aquest sentit, \u00e9s bastant probable que la llei d\u2019erradicaci\u00f3 de l\u2019amiant, s\u2019acompanyi d\u2019altres regulacions en la l\u00ednia de fer un \u201ccribatge selectiu\u201d, o \u201cpujada de llist\u00f3\u201d als professionals que es dedicaran a fer les retirades d\u2019amiant, de forma que nom\u00e9s els que acreditin una major expertesa i preparaci\u00f3 puguin acabar fent la tasca, potser a l\u2019estil del que a Fran\u00e7a es realitza en el sentit de ser molt exigents en els requisits per acreditar-se com a retirador d\u2019amiant, fet que provoca que hi hagin molt poques empreses acreditades a Fran\u00e7a per fer aquestes tasques, per\u00f2 tamb\u00e9 en major transpar\u00e8ncia i informaci\u00f3 a la ciutadania dels treballs que es realitzaran. Tot aix\u00f2 sense perdre de vista altres q\u00fcestions, com ara mediambientals i d\u2019integraci\u00f3 de l\u2019entorn.<\/p>\n<p>En conclusi\u00f3, sembla que es dibuixa un futur augment de treballs de desamiantat arreu de la geografia catalana en els propers anys, per\u00f2 al mateix temps, i pensant en la seguretat i salut de tots els treballadors que hi participaran i la ciutadania de l\u2019entorn de les obres, ser\u00e0 necess\u00e0ria una major i millor preparaci\u00f3 dels professionalsque realitzaran aquestes tasques. Aixo compr\u00e8n tant els professionals de l\u2019\u00e0mbit t\u00e8cnic (arquitectes, enginyers d\u2019estructures, t\u00e8cnics municipals&#8230;), com els professionals de la seguretat i salut laboral.<\/p>\n<p>Se\u2019ns gira feina&#8230; \u00c9s una bona not\u00edcia, per\u00f2 cal tamb\u00e9 estar molt preparats.<\/p>\n<p><strong>Rossend Prats Carrera<\/strong><\/p>\n<p><img loading=\"lazy\" decoding=\"async\" class=\"alignleft wp-image-26464\" src=\"https:\/\/gremi-obres.org\/wp-content\/uploads\/2021\/01\/rosend-prats.jpg\" alt=\"\" width=\"112\" height=\"150\" srcset=\"https:\/\/www.gremi-obres.org\/wp-content\/uploads\/2021\/01\/rosend-prats.jpg 298w, https:\/\/www.gremi-obres.org\/wp-content\/uploads\/2021\/01\/rosend-prats-225x300.jpg 225w\" sizes=\"auto, (max-width: 112px) 100vw, 112px\" \/><\/p>\n<p>&nbsp;<\/p>\n<p>&nbsp;<\/p>\n<p>&nbsp;<\/p>\n<p>&nbsp;<\/p>\n<p>Director T\u00e8cnic de <a href=\"https:\/\/www.previntegral.com\/\" target=\"_blank\" rel=\"noopener\">PREVINTEGRAL, S.L.,<\/a> Servei de Prevenci\u00f3 Ali\u00e8 de riscos laborals associat al Gremi<\/p>\n<p><a href=\"https:\/\/www.previntegral.com\/\"><img loading=\"lazy\" decoding=\"async\" class=\"alignleft wp-image-26468\" src=\"https:\/\/gremi-obres.org\/wp-content\/uploads\/2021\/01\/previntegral.png\" alt=\"\" width=\"347\" height=\"107\" \/><\/a><\/p>\n","protected":false},"excerpt":{"rendered":"<p>Darrerament la Generalitat de Catalunya ha engegat una consulta de participaci\u00f3 ciutadana dirigida tant a ciutadans, com a organismes, professionals o entitats, pr\u00e8via a la elaboraci\u00f3 de la llei d\u2019erradicaci\u00f3 de l\u2019amiant, accessible via web a: https:\/\/participa.gencat.cat\/processes\/Erradicacio-amiant?locale=ca En aquest sentit, es convida als participants a opinar i aportar possibles solucions a l\u2019enfocament d\u2019un problema de gran abast, que \u00e9s la retirada de tot l\u2019amiant que hi ha present en el nostre entorn, b\u00e9 sigui en vivendes, ind\u00fastries, espais p\u00fablics, etc. Tot plegat fa pensar que acabar\u00e0 en una llei d\u2019erradicaci\u00f3 de l\u2019amiant que anir\u00e0 acompanyada d\u2019unes partides de subvencions per<\/p>\n","protected":false},"author":1,"featured_media":26471,"comment_status":"open","ping_status":"open","sticky":false,"template":"","format":"standard","meta":{"_acf_changed":false,"footnotes":""},"categories":[546,547,548],"tags":[],"class_list":["post-26478","post","type-post","status-publish","format-standard","has-post-thumbnail","hentry","category-noticies-es","category-recomanem-es","category-reportatges-es"],"acf":[],"yoast_head":"<!-- This site is optimized with the Yoast SEO plugin v26.6 - https:\/\/yoast.com\/wordpress\/plugins\/seo\/ -->\n<title>AVANTPROJECTE D\u2019ERRADICACI\u00d3 DE L\u2019AMIANT DE LA GENERALITAT DE CATALUNYA - Gremi de Constructors d&#039;Obres de Barcelona i Comarques<\/title>\n<meta name=\"robots\" content=\"index, follow, max-snippet:-1, max-image-preview:large, max-video-preview:-1\" \/>\n<link rel=\"canonical\" href=\"https:\/\/www.gremi-obres.org\/avantprojecte-derradicacio-de-lamiant\/\" \/>\n<meta property=\"og:locale\" content=\"es_ES\" \/>\n<meta property=\"og:type\" content=\"article\" \/>\n<meta property=\"og:title\" content=\"AVANTPROJECTE D\u2019ERRADICACI\u00d3 DE L\u2019AMIANT DE LA GENERALITAT DE CATALUNYA - Gremi de Constructors d&#039;Obres de Barcelona i Comarques\" \/>\n<meta property=\"og:description\" content=\"Darrerament la Generalitat de Catalunya ha engegat una consulta de participaci\u00f3 ciutadana dirigida tant a ciutadans, com a organismes, professionals o entitats, pr\u00e8via a la elaboraci\u00f3 de la llei d\u2019erradicaci\u00f3 de l\u2019amiant, accessible via web a: https:\/\/participa.gencat.cat\/processes\/Erradicacio-amiant?locale=ca En aquest sentit, es convida als participants a opinar i aportar possibles solucions a l\u2019enfocament d\u2019un problema de gran abast, que \u00e9s la retirada de tot l\u2019amiant que hi ha present en el nostre entorn, b\u00e9 sigui en vivendes, ind\u00fastries, espais p\u00fablics, etc. Tot plegat fa pensar que acabar\u00e0 en una llei d\u2019erradicaci\u00f3 de l\u2019amiant que anir\u00e0 acompanyada d\u2019unes partides de subvencions per\" \/>\n<meta property=\"og:url\" content=\"https:\/\/www.gremi-obres.org\/avantprojecte-derradicacio-de-lamiant\/\" \/>\n<meta property=\"og:site_name\" content=\"Gremi de Constructors d&#039;Obres de Barcelona i Comarques\" \/>\n<meta property=\"article:published_time\" content=\"2021-01-13T09:55:58+00:00\" \/>\n<meta property=\"og:image\" content=\"https:\/\/www.gremi-obres.org\/wp-content\/uploads\/2021\/01\/amianto.jpg\" \/>\n\t<meta property=\"og:image:width\" content=\"1200\" \/>\n\t<meta property=\"og:image:height\" content=\"675\" \/>\n\t<meta property=\"og:image:type\" content=\"image\/jpeg\" \/>\n<meta name=\"author\" content=\"admin\" \/>\n<meta name=\"twitter:card\" content=\"summary_large_image\" \/>\n<meta name=\"twitter:label1\" content=\"Escrito por\" \/>\n\t<meta name=\"twitter:data1\" content=\"admin\" \/>\n\t<meta name=\"twitter:label2\" content=\"Tiempo de lectura\" \/>\n\t<meta name=\"twitter:data2\" content=\"3 minutos\" \/>\n<script type=\"application\/ld+json\" class=\"yoast-schema-graph\">{\"@context\":\"https:\/\/schema.org\",\"@graph\":[{\"@type\":\"WebPage\",\"@id\":\"https:\/\/www.gremi-obres.org\/avantprojecte-derradicacio-de-lamiant\/\",\"url\":\"https:\/\/www.gremi-obres.org\/avantprojecte-derradicacio-de-lamiant\/\",\"name\":\"AVANTPROJECTE D\u2019ERRADICACI\u00d3 DE L\u2019AMIANT DE LA GENERALITAT DE CATALUNYA - Gremi de Constructors d&#039;Obres de Barcelona i Comarques\",\"isPartOf\":{\"@id\":\"https:\/\/www.gremi-obres.org\/#website\"},\"primaryImageOfPage\":{\"@id\":\"https:\/\/www.gremi-obres.org\/avantprojecte-derradicacio-de-lamiant\/#primaryimage\"},\"image\":{\"@id\":\"https:\/\/www.gremi-obres.org\/avantprojecte-derradicacio-de-lamiant\/#primaryimage\"},\"thumbnailUrl\":\"https:\/\/www.gremi-obres.org\/wp-content\/uploads\/2021\/01\/amianto.jpg\",\"datePublished\":\"2021-01-13T09:55:58+00:00\",\"author\":{\"@id\":\"https:\/\/www.gremi-obres.org\/#\/schema\/person\/0899d1bf9c0590005d47809f9315d840\"},\"breadcrumb\":{\"@id\":\"https:\/\/www.gremi-obres.org\/avantprojecte-derradicacio-de-lamiant\/#breadcrumb\"},\"inLanguage\":\"es\",\"potentialAction\":[{\"@type\":\"ReadAction\",\"target\":[\"https:\/\/www.gremi-obres.org\/avantprojecte-derradicacio-de-lamiant\/\"]}]},{\"@type\":\"ImageObject\",\"inLanguage\":\"es\",\"@id\":\"https:\/\/www.gremi-obres.org\/avantprojecte-derradicacio-de-lamiant\/#primaryimage\",\"url\":\"https:\/\/www.gremi-obres.org\/wp-content\/uploads\/2021\/01\/amianto.jpg\",\"contentUrl\":\"https:\/\/www.gremi-obres.org\/wp-content\/uploads\/2021\/01\/amianto.jpg\",\"width\":1200,\"height\":675},{\"@type\":\"BreadcrumbList\",\"@id\":\"https:\/\/www.gremi-obres.org\/avantprojecte-derradicacio-de-lamiant\/#breadcrumb\",\"itemListElement\":[{\"@type\":\"ListItem\",\"position\":1,\"name\":\"Inici\",\"item\":\"https:\/\/www.gremi-obres.org\/es\/\"},{\"@type\":\"ListItem\",\"position\":2,\"name\":\"AVANTPROJECTE D\u2019ERRADICACI\u00d3 DE L\u2019AMIANT DE LA GENERALITAT DE CATALUNYA\"}]},{\"@type\":\"WebSite\",\"@id\":\"https:\/\/www.gremi-obres.org\/#website\",\"url\":\"https:\/\/www.gremi-obres.org\/\",\"name\":\"Gremi de Constructors d&#039;Obres de Barcelona i Comarques\",\"description\":\"La missi\u00f3 del Gremi \u00e9s la de defensar els  interessos de les empreses constructores i rehabilitadores agremiades i recolzar-les en les necessitats de la seva activitat mitjan\u00e7ant serveis, recursos, formaci\u00f3, assessorament i informaci\u00f3\",\"potentialAction\":[{\"@type\":\"SearchAction\",\"target\":{\"@type\":\"EntryPoint\",\"urlTemplate\":\"https:\/\/www.gremi-obres.org\/?s={search_term_string}\"},\"query-input\":{\"@type\":\"PropertyValueSpecification\",\"valueRequired\":true,\"valueName\":\"search_term_string\"}}],\"inLanguage\":\"es\"},{\"@type\":\"Person\",\"@id\":\"https:\/\/www.gremi-obres.org\/#\/schema\/person\/0899d1bf9c0590005d47809f9315d840\",\"name\":\"admin\",\"image\":{\"@type\":\"ImageObject\",\"inLanguage\":\"es\",\"@id\":\"https:\/\/www.gremi-obres.org\/#\/schema\/person\/image\/\",\"url\":\"https:\/\/secure.gravatar.com\/avatar\/01f1708c07ad1e96486b333b447c55a6639abb2e7fe8911639cdafa4ee687367?s=96&d=mm&r=g\",\"contentUrl\":\"https:\/\/secure.gravatar.com\/avatar\/01f1708c07ad1e96486b333b447c55a6639abb2e7fe8911639cdafa4ee687367?s=96&d=mm&r=g\",\"caption\":\"admin\"},\"url\":\"https:\/\/www.gremi-obres.org\/es\/author\/admin\/\"}]}<\/script>\n<!-- \/ Yoast SEO plugin. -->","yoast_head_json":{"title":"AVANTPROJECTE D\u2019ERRADICACI\u00d3 DE L\u2019AMIANT DE LA GENERALITAT DE CATALUNYA - Gremi de Constructors d&#039;Obres de Barcelona i Comarques","robots":{"index":"index","follow":"follow","max-snippet":"max-snippet:-1","max-image-preview":"max-image-preview:large","max-video-preview":"max-video-preview:-1"},"canonical":"https:\/\/www.gremi-obres.org\/avantprojecte-derradicacio-de-lamiant\/","og_locale":"es_ES","og_type":"article","og_title":"AVANTPROJECTE D\u2019ERRADICACI\u00d3 DE L\u2019AMIANT DE LA GENERALITAT DE CATALUNYA - Gremi de Constructors d&#039;Obres de Barcelona i Comarques","og_description":"Darrerament la Generalitat de Catalunya ha engegat una consulta de participaci\u00f3 ciutadana dirigida tant a ciutadans, com a organismes, professionals o entitats, pr\u00e8via a la elaboraci\u00f3 de la llei d\u2019erradicaci\u00f3 de l\u2019amiant, accessible via web a: https:\/\/participa.gencat.cat\/processes\/Erradicacio-amiant?locale=ca En aquest sentit, es convida als participants a opinar i aportar possibles solucions a l\u2019enfocament d\u2019un problema de gran abast, que \u00e9s la retirada de tot l\u2019amiant que hi ha present en el nostre entorn, b\u00e9 sigui en vivendes, ind\u00fastries, espais p\u00fablics, etc. Tot plegat fa pensar que acabar\u00e0 en una llei d\u2019erradicaci\u00f3 de l\u2019amiant que anir\u00e0 acompanyada d\u2019unes partides de subvencions per","og_url":"https:\/\/www.gremi-obres.org\/avantprojecte-derradicacio-de-lamiant\/","og_site_name":"Gremi de Constructors d&#039;Obres de Barcelona i Comarques","article_published_time":"2021-01-13T09:55:58+00:00","og_image":[{"width":1200,"height":675,"url":"https:\/\/www.gremi-obres.org\/wp-content\/uploads\/2021\/01\/amianto.jpg","type":"image\/jpeg"}],"author":"admin","twitter_card":"summary_large_image","twitter_misc":{"Escrito por":"admin","Tiempo de lectura":"3 minutos"},"schema":{"@context":"https:\/\/schema.org","@graph":[{"@type":"WebPage","@id":"https:\/\/www.gremi-obres.org\/avantprojecte-derradicacio-de-lamiant\/","url":"https:\/\/www.gremi-obres.org\/avantprojecte-derradicacio-de-lamiant\/","name":"AVANTPROJECTE D\u2019ERRADICACI\u00d3 DE L\u2019AMIANT DE LA GENERALITAT DE CATALUNYA - Gremi de Constructors d&#039;Obres de Barcelona i Comarques","isPartOf":{"@id":"https:\/\/www.gremi-obres.org\/#website"},"primaryImageOfPage":{"@id":"https:\/\/www.gremi-obres.org\/avantprojecte-derradicacio-de-lamiant\/#primaryimage"},"image":{"@id":"https:\/\/www.gremi-obres.org\/avantprojecte-derradicacio-de-lamiant\/#primaryimage"},"thumbnailUrl":"https:\/\/www.gremi-obres.org\/wp-content\/uploads\/2021\/01\/amianto.jpg","datePublished":"2021-01-13T09:55:58+00:00","author":{"@id":"https:\/\/www.gremi-obres.org\/#\/schema\/person\/0899d1bf9c0590005d47809f9315d840"},"breadcrumb":{"@id":"https:\/\/www.gremi-obres.org\/avantprojecte-derradicacio-de-lamiant\/#breadcrumb"},"inLanguage":"es","potentialAction":[{"@type":"ReadAction","target":["https:\/\/www.gremi-obres.org\/avantprojecte-derradicacio-de-lamiant\/"]}]},{"@type":"ImageObject","inLanguage":"es","@id":"https:\/\/www.gremi-obres.org\/avantprojecte-derradicacio-de-lamiant\/#primaryimage","url":"https:\/\/www.gremi-obres.org\/wp-content\/uploads\/2021\/01\/amianto.jpg","contentUrl":"https:\/\/www.gremi-obres.org\/wp-content\/uploads\/2021\/01\/amianto.jpg","width":1200,"height":675},{"@type":"BreadcrumbList","@id":"https:\/\/www.gremi-obres.org\/avantprojecte-derradicacio-de-lamiant\/#breadcrumb","itemListElement":[{"@type":"ListItem","position":1,"name":"Inici","item":"https:\/\/www.gremi-obres.org\/es\/"},{"@type":"ListItem","position":2,"name":"AVANTPROJECTE D\u2019ERRADICACI\u00d3 DE L\u2019AMIANT DE LA GENERALITAT DE CATALUNYA"}]},{"@type":"WebSite","@id":"https:\/\/www.gremi-obres.org\/#website","url":"https:\/\/www.gremi-obres.org\/","name":"Gremi de Constructors d&#039;Obres de Barcelona i Comarques","description":"La missi\u00f3 del Gremi \u00e9s la de defensar els  interessos de les empreses constructores i rehabilitadores agremiades i recolzar-les en les necessitats de la seva activitat mitjan\u00e7ant serveis, recursos, formaci\u00f3, assessorament i informaci\u00f3","potentialAction":[{"@type":"SearchAction","target":{"@type":"EntryPoint","urlTemplate":"https:\/\/www.gremi-obres.org\/?s={search_term_string}"},"query-input":{"@type":"PropertyValueSpecification","valueRequired":true,"valueName":"search_term_string"}}],"inLanguage":"es"},{"@type":"Person","@id":"https:\/\/www.gremi-obres.org\/#\/schema\/person\/0899d1bf9c0590005d47809f9315d840","name":"admin","image":{"@type":"ImageObject","inLanguage":"es","@id":"https:\/\/www.gremi-obres.org\/#\/schema\/person\/image\/","url":"https:\/\/secure.gravatar.com\/avatar\/01f1708c07ad1e96486b333b447c55a6639abb2e7fe8911639cdafa4ee687367?s=96&d=mm&r=g","contentUrl":"https:\/\/secure.gravatar.com\/avatar\/01f1708c07ad1e96486b333b447c55a6639abb2e7fe8911639cdafa4ee687367?s=96&d=mm&r=g","caption":"admin"},"url":"https:\/\/www.gremi-obres.org\/es\/author\/admin\/"}]}},"jetpack_featured_media_url":"https:\/\/www.gremi-obres.org\/wp-content\/uploads\/2021\/01\/amianto.jpg","_links":{"self":[{"href":"https:\/\/www.gremi-obres.org\/es\/wp-json\/wp\/v2\/posts\/26478","targetHints":{"allow":["GET"]}}],"collection":[{"href":"https:\/\/www.gremi-obres.org\/es\/wp-json\/wp\/v2\/posts"}],"about":[{"href":"https:\/\/www.gremi-obres.org\/es\/wp-json\/wp\/v2\/types\/post"}],"author":[{"embeddable":true,"href":"https:\/\/www.gremi-obres.org\/es\/wp-json\/wp\/v2\/users\/1"}],"replies":[{"embeddable":true,"href":"https:\/\/www.gremi-obres.org\/es\/wp-json\/wp\/v2\/comments?post=26478"}],"version-history":[{"count":1,"href":"https:\/\/www.gremi-obres.org\/es\/wp-json\/wp\/v2\/posts\/26478\/revisions"}],"predecessor-version":[{"id":26480,"href":"https:\/\/www.gremi-obres.org\/es\/wp-json\/wp\/v2\/posts\/26478\/revisions\/26480"}],"wp:featuredmedia":[{"embeddable":true,"href":"https:\/\/www.gremi-obres.org\/es\/wp-json\/wp\/v2\/media\/26471"}],"wp:attachment":[{"href":"https:\/\/www.gremi-obres.org\/es\/wp-json\/wp\/v2\/media?parent=26478"}],"wp:term":[{"taxonomy":"category","embeddable":true,"href":"https:\/\/www.gremi-obres.org\/es\/wp-json\/wp\/v2\/categories?post=26478"},{"taxonomy":"post_tag","embeddable":true,"href":"https:\/\/www.gremi-obres.org\/es\/wp-json\/wp\/v2\/tags?post=26478"}],"curies":[{"name":"wp","href":"https:\/\/api.w.org\/{rel}","templated":true}]}}