{"id":26121,"date":"2020-10-09T14:40:03","date_gmt":"2020-10-09T06:40:03","guid":{"rendered":"https:\/\/gremi-obres.org\/?p=26121"},"modified":"2020-10-09T14:40:03","modified_gmt":"2020-10-09T06:40:03","slug":"nou-conveni-amb-bsm-ajuntament-de-barcelona-condicions-favorables-en-area-dum-zona-de-carrega-i-descarrega-i-altres-serveis","status":"publish","type":"post","link":"https:\/\/www.gremi-obres.org\/es\/nou-conveni-amb-bsm-ajuntament-de-barcelona-condicions-favorables-en-area-dum-zona-de-carrega-i-descarrega-i-altres-serveis\/","title":{"rendered":"Nou conveni amb B:SM (Ajuntament de Barcelona). Condicions favorables en \u00c0rea DUM (zona de c\u00e0rrega i desc\u00e0rrega) i altres serveis"},"content":{"rendered":"<div>Darrerament des del Gremi hem signat un nou Conveni de col\u00b7laboraci\u00f3 amb B:SM (Ajuntament de Barcelona) per tal d&#8217;establir condicions favorables d&#8217;estacionament de vehicles per empreses agremiades, mitjan\u00e7ant la \u00abTargeta Professional\u00bb. <a href=\"http:\/\/gremi-obres.mailrelay-iv.es\/newslink\/276900\/1059.html\" target=\"_blank\" rel=\"noopener noreferrer\">En el conveni, que podeu consultar en aquest enlla\u00e7,<\/a><a href=\"http:\/\/gremi-obres.mailrelay-iv.es\/newslink\/276900\/1060.html\" target=\"_blank\" rel=\"noopener noreferrer\">\u00a0<\/a>es detallen les diferents condicions favorables que teniu les empreses agremiades que us inscriviu en relaci\u00f3 a l&#8217;\u00c0rea DUM (zona de c\u00e0rrega i desc\u00e0rrega), els aparcaments xarxa B:SM, la col\u00b7locaci\u00f3 de publicitat als suports publicitaris dels aparcaments i el programa d\u2019avantatges \u201cEnxarxa\u2019t!\u201d. Les detallem a continuaci\u00f3:<\/div>\n<div><\/div>\n<div><\/div>\n<div><\/div>\n<div><\/div>\n<div>\n<hr \/>\n<h4><\/h4>\n<h4><strong>1. \u00c0rea DUM (zona de c\u00e0rrega i desc\u00e0rrega), la qual es gestiona mitjan\u00e7ant l&#8217;app SPRO<\/strong><\/h4>\n<\/div>\n<div>&#8211;<\/div>\n<div>Per una banda, recordem que les condicions generals v\u00e0lides per tothom s\u00f3n: 1. Estacionament m\u00e0xim perm\u00e8s per vehicle segons determini la senyalitzaci\u00f3 de la zona. 2. En el cas de vehicles classificats com \u00abZero Emissions\u00bb, la duraci\u00f3 m\u00e0xima ser\u00e0 de 30&#8242; afegits a all\u00f2 que determini la senyal vertical.<\/div>\n<div>\n<p>Tanmateix, els vehicles autoritzats mitjan\u00e7ant la \u201cTargeta Professional\u00bb (empreses agremiades adscrites al conveni) ara tindran les seg\u00fcents condicions: 1. Duraci\u00f3 m\u00e0xima de l&#8217;estacionament de 2 hores en les franges compreses entre les 8 i les 10 h; i entre les 14 i les 20 h (dins els horaris de regulaci\u00f3 establerts per la senyalitzaci\u00f3). 2. Addicionalment, aquests vehicles podran obtenir fins a 6 permisos especials per mes, que permetran una duraci\u00f3 m\u00e0xima de fins a 6 hores en la franja compresa entre les 14 i les 20 h. (dins dels horaris de regulaci\u00f3 establerts per la senyalitzaci\u00f3).<\/p>\n<p>&#8211;<\/p>\n<\/div>\n<div>\n<hr \/>\n<\/div>\n<h4><\/h4>\n<h4><strong>2. Aparcament xarxa B:SM: modalitat d&#8217;estacionament per minuts i modalitat d&#8217;estacionamentde llarga durada.<\/strong><\/h4>\n<div>&#8211;<\/div>\n<div><em>Modalitat 1: estacionament per minuts<\/em><\/div>\n<div><\/div>\n<div>&#8211; Rotaci\u00f3: la \u00abTargeta Professional habilita a aplicar descomptes del 25% en l&#8217;estacionament per rotaci\u00f3 (descompte no acumulable a altres ofertes o avantatges), i te la caducitat d&#8217;un any a partir del primer \u00fas en els aparcaments.<\/div>\n<div><\/div>\n<div>&#8211; Targetes Hores: es posen a disposici\u00f3 dels agremiats targetes hor\u00e0ries en modalitat de prepagament. B:SM posar\u00e0 a disposici\u00f3 dels agremiats Targetes Hores (en modalitats de 25H., 50H. I 100H.), a les que s&#8217;aplicar\u00e0 un 10% de descompte sobre el PVP.<\/div>\n<div><\/div>\n<div><em>Modalitat 2: estacionament de llarga durada<\/em><\/div>\n<div><\/div>\n<div>Abonaments<\/div>\n<div>&#8211; Les empreses agremiades que desitgin gaudir d&#8217;un estacionament en modalitat de \u00abAbonament Di\u00fcrn\u00bb en un dels aparcaments de la xarxa de B:SM, obtindran un descompte m\u00ednim del 10% respecte a la tarifa vigent per aquesta modalitat en l&#8217;aparcament on es sol\u00b7licita, sempre que hi hagi disponibilitat de places en l&#8217;aparcament escollit.<\/div>\n<div><\/div>\n<div>-B:SM podr\u00e0 aplicar descomptes superiors al 10% en aquells aparcaments on disposi de tarifes especials en promoci\u00f3, de les quals tamb\u00e9 podran gaudir les empreses agremiades. Les empreses que disposin de l&#8217;abonament esmentat anteriorment, gaudiran dels avantatges que disposin els abonats de B:SM a la seva xarxa d\u2019aparcaments (descomptes en tarifa de rotaci\u00f3 hor\u00e0ria, etc.) i les condicions generals de contractaci\u00f3 per a les empreses que ho sol\u00b7licitin, seran les mateixes aplicades per B:SM al conjunt dels seus abonats.<\/div>\n<div>&#8211;<\/div>\n<div><\/div>\n<div>\n<hr \/>\n<\/div>\n<h4><\/h4>\n<h4><strong>3. Publicitat als suports publicitaris dels aparcaments<\/strong><\/h4>\n<div><\/div>\n<div>&#8211;<\/div>\n<div>Els suports publicitaris dels aparcaments s\u00f3n vistos per milers de persones cada dia. B:SM ofereix als agremiats la contractaci\u00f3 d\u2019espais als suports publicitaris (foams, audio-publicitat, suports interior d\u2019ascensors), amb un descompte del 10% sobre la tarifa PVP.<\/div>\n<div>&#8211;<\/div>\n<div>\n<hr \/>\n<\/div>\n<h4><\/h4>\n<h4><strong>4. Programa d\u2019Avantatges de valor afegit: Enxarxa\u2019t!<\/strong><\/h4>\n<div>&#8211;<\/div>\n<div>Enxarxa\u2019t \u00e9s el programa d\u2019avantatges de valor afegit per als mes de 13.000 abonats de la xarxa d\u2019aparcaments B:SM.<br \/>\nB:SM ofereix als agremiats la possibilitat d\u2019incorporar-se al programa Enxarxa\u2019t com a col\u00b7laborador (mitjan\u00e7ant la formalitzaci\u00f3 del procediments d\u2019inscripci\u00f3 corresponent), possibilitant la publicaci\u00f3 de descomptes, promocions o propostes de valor en exclusiva per als abonats de B:SM.<\/div>\n<div>&#8211;<\/div>\n<div><\/div>\n<div>\n<hr \/>\n<\/div>\n<div>\n<p>Per a qualsevol dubte o per inscriure\u2019s al conveni, podeu trucar al Gremi o escriure&#8217;ns a mdfernandez@gremi-obres.org.<\/p>\n<hr \/>\n<h2><a href=\"https:\/\/gremi-obres.org\/wp-content\/uploads\/2020\/09\/Conveni-B_SM_2020-gremi-de-constructors.pdf\" target=\"_blank\" rel=\"noopener noreferrer\">&#8212; Llegir conveni en PDF &#8212;<\/a><\/h2>\n<\/div>\n","protected":false},"excerpt":{"rendered":"<p>Darrerament des del Gremi hem signat un nou Conveni de col\u00b7laboraci\u00f3 amb B:SM (Ajuntament de Barcelona) per tal d&#8217;establir condicions favorables d&#8217;estacionament de vehicles per empreses agremiades, mitjan\u00e7ant la \u00abTargeta Professional\u00bb. En el conveni, que podeu consultar en aquest enlla\u00e7,\u00a0es detallen les diferents condicions favorables que teniu les empreses agremiades que us inscriviu en relaci\u00f3 a l&#8217;\u00c0rea DUM (zona de c\u00e0rrega i desc\u00e0rrega), els aparcaments xarxa B:SM, la col\u00b7locaci\u00f3 de publicitat als suports publicitaris dels aparcaments i el programa d\u2019avantatges \u201cEnxarxa\u2019t!\u201d. Les detallem a continuaci\u00f3: 1. \u00c0rea DUM (zona de c\u00e0rrega i desc\u00e0rrega), la qual es gestiona mitjan\u00e7ant l&#8217;app SPRO<\/p>\n","protected":false},"author":1,"featured_media":25917,"comment_status":"open","ping_status":"open","sticky":false,"template":"","format":"standard","meta":{"_acf_changed":false,"footnotes":""},"categories":[576,546,547],"tags":[],"class_list":["post-26121","post","type-post","status-publish","format-standard","has-post-thumbnail","hentry","category-editorials-es","category-noticies-es","category-recomanem-es"],"acf":[],"yoast_head":"<!-- This site is optimized with the Yoast SEO plugin v26.6 - https:\/\/yoast.com\/wordpress\/plugins\/seo\/ -->\n<title>Nou conveni amb B:SM (Ajuntament de Barcelona). Condicions favorables en \u00c0rea DUM (zona de c\u00e0rrega i desc\u00e0rrega) i altres serveis - Gremi de Constructors d&#039;Obres de Barcelona i Comarques<\/title>\n<meta name=\"robots\" content=\"index, follow, max-snippet:-1, max-image-preview:large, max-video-preview:-1\" \/>\n<link rel=\"canonical\" href=\"https:\/\/www.gremi-obres.org\/nou-conveni-amb-bsm-ajuntament-de-barcelona-condicions-favorables-en-area-dum-zona-de-carrega-i-descarrega-i-altres-serveis\/\" \/>\n<meta property=\"og:locale\" content=\"es_ES\" \/>\n<meta property=\"og:type\" content=\"article\" \/>\n<meta property=\"og:title\" content=\"Nou conveni amb B:SM (Ajuntament de Barcelona). Condicions favorables en \u00c0rea DUM (zona de c\u00e0rrega i desc\u00e0rrega) i altres serveis - Gremi de Constructors d&#039;Obres de Barcelona i Comarques\" \/>\n<meta property=\"og:description\" content=\"Darrerament des del Gremi hem signat un nou Conveni de col\u00b7laboraci\u00f3 amb B:SM (Ajuntament de Barcelona) per tal d&#8217;establir condicions favorables d&#8217;estacionament de vehicles per empreses agremiades, mitjan\u00e7ant la \u00abTargeta Professional\u00bb. En el conveni, que podeu consultar en aquest enlla\u00e7,\u00a0es detallen les diferents condicions favorables que teniu les empreses agremiades que us inscriviu en relaci\u00f3 a l&#8217;\u00c0rea DUM (zona de c\u00e0rrega i desc\u00e0rrega), els aparcaments xarxa B:SM, la col\u00b7locaci\u00f3 de publicitat als suports publicitaris dels aparcaments i el programa d\u2019avantatges \u201cEnxarxa\u2019t!\u201d. Les detallem a continuaci\u00f3: 1. \u00c0rea DUM (zona de c\u00e0rrega i desc\u00e0rrega), la qual es gestiona mitjan\u00e7ant l&#8217;app SPRO\" \/>\n<meta property=\"og:url\" content=\"https:\/\/www.gremi-obres.org\/nou-conveni-amb-bsm-ajuntament-de-barcelona-condicions-favorables-en-area-dum-zona-de-carrega-i-descarrega-i-altres-serveis\/\" \/>\n<meta property=\"og:site_name\" content=\"Gremi de Constructors d&#039;Obres de Barcelona i Comarques\" \/>\n<meta property=\"article:published_time\" content=\"2020-10-09T06:40:03+00:00\" \/>\n<meta property=\"og:image\" content=\"https:\/\/www.gremi-obres.org\/wp-content\/uploads\/2020\/09\/area-DUM.png\" \/>\n\t<meta property=\"og:image:width\" content=\"1761\" \/>\n\t<meta property=\"og:image:height\" content=\"418\" \/>\n\t<meta property=\"og:image:type\" content=\"image\/png\" \/>\n<meta name=\"author\" content=\"admin\" \/>\n<meta name=\"twitter:card\" content=\"summary_large_image\" \/>\n<meta name=\"twitter:label1\" content=\"Escrito por\" \/>\n\t<meta name=\"twitter:data1\" content=\"admin\" \/>\n\t<meta name=\"twitter:label2\" content=\"Tiempo de lectura\" \/>\n\t<meta name=\"twitter:data2\" content=\"3 minutos\" \/>\n<script type=\"application\/ld+json\" class=\"yoast-schema-graph\">{\"@context\":\"https:\/\/schema.org\",\"@graph\":[{\"@type\":\"WebPage\",\"@id\":\"https:\/\/www.gremi-obres.org\/nou-conveni-amb-bsm-ajuntament-de-barcelona-condicions-favorables-en-area-dum-zona-de-carrega-i-descarrega-i-altres-serveis\/\",\"url\":\"https:\/\/www.gremi-obres.org\/nou-conveni-amb-bsm-ajuntament-de-barcelona-condicions-favorables-en-area-dum-zona-de-carrega-i-descarrega-i-altres-serveis\/\",\"name\":\"Nou conveni amb B:SM (Ajuntament de Barcelona). Condicions favorables en \u00c0rea DUM (zona de c\u00e0rrega i desc\u00e0rrega) i altres serveis - Gremi de Constructors d&#039;Obres de Barcelona i Comarques\",\"isPartOf\":{\"@id\":\"https:\/\/www.gremi-obres.org\/#website\"},\"primaryImageOfPage\":{\"@id\":\"https:\/\/www.gremi-obres.org\/nou-conveni-amb-bsm-ajuntament-de-barcelona-condicions-favorables-en-area-dum-zona-de-carrega-i-descarrega-i-altres-serveis\/#primaryimage\"},\"image\":{\"@id\":\"https:\/\/www.gremi-obres.org\/nou-conveni-amb-bsm-ajuntament-de-barcelona-condicions-favorables-en-area-dum-zona-de-carrega-i-descarrega-i-altres-serveis\/#primaryimage\"},\"thumbnailUrl\":\"https:\/\/www.gremi-obres.org\/wp-content\/uploads\/2020\/09\/area-DUM.png\",\"datePublished\":\"2020-10-09T06:40:03+00:00\",\"author\":{\"@id\":\"https:\/\/www.gremi-obres.org\/#\/schema\/person\/0899d1bf9c0590005d47809f9315d840\"},\"breadcrumb\":{\"@id\":\"https:\/\/www.gremi-obres.org\/nou-conveni-amb-bsm-ajuntament-de-barcelona-condicions-favorables-en-area-dum-zona-de-carrega-i-descarrega-i-altres-serveis\/#breadcrumb\"},\"inLanguage\":\"es\",\"potentialAction\":[{\"@type\":\"ReadAction\",\"target\":[\"https:\/\/www.gremi-obres.org\/nou-conveni-amb-bsm-ajuntament-de-barcelona-condicions-favorables-en-area-dum-zona-de-carrega-i-descarrega-i-altres-serveis\/\"]}]},{\"@type\":\"ImageObject\",\"inLanguage\":\"es\",\"@id\":\"https:\/\/www.gremi-obres.org\/nou-conveni-amb-bsm-ajuntament-de-barcelona-condicions-favorables-en-area-dum-zona-de-carrega-i-descarrega-i-altres-serveis\/#primaryimage\",\"url\":\"https:\/\/www.gremi-obres.org\/wp-content\/uploads\/2020\/09\/area-DUM.png\",\"contentUrl\":\"https:\/\/www.gremi-obres.org\/wp-content\/uploads\/2020\/09\/area-DUM.png\",\"width\":1761,\"height\":418},{\"@type\":\"BreadcrumbList\",\"@id\":\"https:\/\/www.gremi-obres.org\/nou-conveni-amb-bsm-ajuntament-de-barcelona-condicions-favorables-en-area-dum-zona-de-carrega-i-descarrega-i-altres-serveis\/#breadcrumb\",\"itemListElement\":[{\"@type\":\"ListItem\",\"position\":1,\"name\":\"Inici\",\"item\":\"https:\/\/www.gremi-obres.org\/es\/\"},{\"@type\":\"ListItem\",\"position\":2,\"name\":\"Nou conveni amb B:SM (Ajuntament de Barcelona). Condicions favorables en \u00c0rea DUM (zona de c\u00e0rrega i desc\u00e0rrega) i altres serveis\"}]},{\"@type\":\"WebSite\",\"@id\":\"https:\/\/www.gremi-obres.org\/#website\",\"url\":\"https:\/\/www.gremi-obres.org\/\",\"name\":\"Gremi de Constructors d&#039;Obres de Barcelona i Comarques\",\"description\":\"La missi\u00f3 del Gremi \u00e9s la de defensar els  interessos de les empreses constructores i rehabilitadores agremiades i recolzar-les en les necessitats de la seva activitat mitjan\u00e7ant serveis, recursos, formaci\u00f3, assessorament i informaci\u00f3\",\"potentialAction\":[{\"@type\":\"SearchAction\",\"target\":{\"@type\":\"EntryPoint\",\"urlTemplate\":\"https:\/\/www.gremi-obres.org\/?s={search_term_string}\"},\"query-input\":{\"@type\":\"PropertyValueSpecification\",\"valueRequired\":true,\"valueName\":\"search_term_string\"}}],\"inLanguage\":\"es\"},{\"@type\":\"Person\",\"@id\":\"https:\/\/www.gremi-obres.org\/#\/schema\/person\/0899d1bf9c0590005d47809f9315d840\",\"name\":\"admin\",\"image\":{\"@type\":\"ImageObject\",\"inLanguage\":\"es\",\"@id\":\"https:\/\/www.gremi-obres.org\/#\/schema\/person\/image\/\",\"url\":\"https:\/\/secure.gravatar.com\/avatar\/01f1708c07ad1e96486b333b447c55a6639abb2e7fe8911639cdafa4ee687367?s=96&d=mm&r=g\",\"contentUrl\":\"https:\/\/secure.gravatar.com\/avatar\/01f1708c07ad1e96486b333b447c55a6639abb2e7fe8911639cdafa4ee687367?s=96&d=mm&r=g\",\"caption\":\"admin\"},\"url\":\"https:\/\/www.gremi-obres.org\/es\/author\/admin\/\"}]}<\/script>\n<!-- \/ Yoast SEO plugin. -->","yoast_head_json":{"title":"Nou conveni amb B:SM (Ajuntament de Barcelona). Condicions favorables en \u00c0rea DUM (zona de c\u00e0rrega i desc\u00e0rrega) i altres serveis - Gremi de Constructors d&#039;Obres de Barcelona i Comarques","robots":{"index":"index","follow":"follow","max-snippet":"max-snippet:-1","max-image-preview":"max-image-preview:large","max-video-preview":"max-video-preview:-1"},"canonical":"https:\/\/www.gremi-obres.org\/nou-conveni-amb-bsm-ajuntament-de-barcelona-condicions-favorables-en-area-dum-zona-de-carrega-i-descarrega-i-altres-serveis\/","og_locale":"es_ES","og_type":"article","og_title":"Nou conveni amb B:SM (Ajuntament de Barcelona). Condicions favorables en \u00c0rea DUM (zona de c\u00e0rrega i desc\u00e0rrega) i altres serveis - Gremi de Constructors d&#039;Obres de Barcelona i Comarques","og_description":"Darrerament des del Gremi hem signat un nou Conveni de col\u00b7laboraci\u00f3 amb B:SM (Ajuntament de Barcelona) per tal d&#8217;establir condicions favorables d&#8217;estacionament de vehicles per empreses agremiades, mitjan\u00e7ant la \u00abTargeta Professional\u00bb. En el conveni, que podeu consultar en aquest enlla\u00e7,\u00a0es detallen les diferents condicions favorables que teniu les empreses agremiades que us inscriviu en relaci\u00f3 a l&#8217;\u00c0rea DUM (zona de c\u00e0rrega i desc\u00e0rrega), els aparcaments xarxa B:SM, la col\u00b7locaci\u00f3 de publicitat als suports publicitaris dels aparcaments i el programa d\u2019avantatges \u201cEnxarxa\u2019t!\u201d. Les detallem a continuaci\u00f3: 1. \u00c0rea DUM (zona de c\u00e0rrega i desc\u00e0rrega), la qual es gestiona mitjan\u00e7ant l&#8217;app SPRO","og_url":"https:\/\/www.gremi-obres.org\/nou-conveni-amb-bsm-ajuntament-de-barcelona-condicions-favorables-en-area-dum-zona-de-carrega-i-descarrega-i-altres-serveis\/","og_site_name":"Gremi de Constructors d&#039;Obres de Barcelona i Comarques","article_published_time":"2020-10-09T06:40:03+00:00","og_image":[{"width":1761,"height":418,"url":"https:\/\/www.gremi-obres.org\/wp-content\/uploads\/2020\/09\/area-DUM.png","type":"image\/png"}],"author":"admin","twitter_card":"summary_large_image","twitter_misc":{"Escrito por":"admin","Tiempo de lectura":"3 minutos"},"schema":{"@context":"https:\/\/schema.org","@graph":[{"@type":"WebPage","@id":"https:\/\/www.gremi-obres.org\/nou-conveni-amb-bsm-ajuntament-de-barcelona-condicions-favorables-en-area-dum-zona-de-carrega-i-descarrega-i-altres-serveis\/","url":"https:\/\/www.gremi-obres.org\/nou-conveni-amb-bsm-ajuntament-de-barcelona-condicions-favorables-en-area-dum-zona-de-carrega-i-descarrega-i-altres-serveis\/","name":"Nou conveni amb B:SM (Ajuntament de Barcelona). Condicions favorables en \u00c0rea DUM (zona de c\u00e0rrega i desc\u00e0rrega) i altres serveis - Gremi de Constructors d&#039;Obres de Barcelona i Comarques","isPartOf":{"@id":"https:\/\/www.gremi-obres.org\/#website"},"primaryImageOfPage":{"@id":"https:\/\/www.gremi-obres.org\/nou-conveni-amb-bsm-ajuntament-de-barcelona-condicions-favorables-en-area-dum-zona-de-carrega-i-descarrega-i-altres-serveis\/#primaryimage"},"image":{"@id":"https:\/\/www.gremi-obres.org\/nou-conveni-amb-bsm-ajuntament-de-barcelona-condicions-favorables-en-area-dum-zona-de-carrega-i-descarrega-i-altres-serveis\/#primaryimage"},"thumbnailUrl":"https:\/\/www.gremi-obres.org\/wp-content\/uploads\/2020\/09\/area-DUM.png","datePublished":"2020-10-09T06:40:03+00:00","author":{"@id":"https:\/\/www.gremi-obres.org\/#\/schema\/person\/0899d1bf9c0590005d47809f9315d840"},"breadcrumb":{"@id":"https:\/\/www.gremi-obres.org\/nou-conveni-amb-bsm-ajuntament-de-barcelona-condicions-favorables-en-area-dum-zona-de-carrega-i-descarrega-i-altres-serveis\/#breadcrumb"},"inLanguage":"es","potentialAction":[{"@type":"ReadAction","target":["https:\/\/www.gremi-obres.org\/nou-conveni-amb-bsm-ajuntament-de-barcelona-condicions-favorables-en-area-dum-zona-de-carrega-i-descarrega-i-altres-serveis\/"]}]},{"@type":"ImageObject","inLanguage":"es","@id":"https:\/\/www.gremi-obres.org\/nou-conveni-amb-bsm-ajuntament-de-barcelona-condicions-favorables-en-area-dum-zona-de-carrega-i-descarrega-i-altres-serveis\/#primaryimage","url":"https:\/\/www.gremi-obres.org\/wp-content\/uploads\/2020\/09\/area-DUM.png","contentUrl":"https:\/\/www.gremi-obres.org\/wp-content\/uploads\/2020\/09\/area-DUM.png","width":1761,"height":418},{"@type":"BreadcrumbList","@id":"https:\/\/www.gremi-obres.org\/nou-conveni-amb-bsm-ajuntament-de-barcelona-condicions-favorables-en-area-dum-zona-de-carrega-i-descarrega-i-altres-serveis\/#breadcrumb","itemListElement":[{"@type":"ListItem","position":1,"name":"Inici","item":"https:\/\/www.gremi-obres.org\/es\/"},{"@type":"ListItem","position":2,"name":"Nou conveni amb B:SM (Ajuntament de Barcelona). Condicions favorables en \u00c0rea DUM (zona de c\u00e0rrega i desc\u00e0rrega) i altres serveis"}]},{"@type":"WebSite","@id":"https:\/\/www.gremi-obres.org\/#website","url":"https:\/\/www.gremi-obres.org\/","name":"Gremi de Constructors d&#039;Obres de Barcelona i Comarques","description":"La missi\u00f3 del Gremi \u00e9s la de defensar els  interessos de les empreses constructores i rehabilitadores agremiades i recolzar-les en les necessitats de la seva activitat mitjan\u00e7ant serveis, recursos, formaci\u00f3, assessorament i informaci\u00f3","potentialAction":[{"@type":"SearchAction","target":{"@type":"EntryPoint","urlTemplate":"https:\/\/www.gremi-obres.org\/?s={search_term_string}"},"query-input":{"@type":"PropertyValueSpecification","valueRequired":true,"valueName":"search_term_string"}}],"inLanguage":"es"},{"@type":"Person","@id":"https:\/\/www.gremi-obres.org\/#\/schema\/person\/0899d1bf9c0590005d47809f9315d840","name":"admin","image":{"@type":"ImageObject","inLanguage":"es","@id":"https:\/\/www.gremi-obres.org\/#\/schema\/person\/image\/","url":"https:\/\/secure.gravatar.com\/avatar\/01f1708c07ad1e96486b333b447c55a6639abb2e7fe8911639cdafa4ee687367?s=96&d=mm&r=g","contentUrl":"https:\/\/secure.gravatar.com\/avatar\/01f1708c07ad1e96486b333b447c55a6639abb2e7fe8911639cdafa4ee687367?s=96&d=mm&r=g","caption":"admin"},"url":"https:\/\/www.gremi-obres.org\/es\/author\/admin\/"}]}},"jetpack_featured_media_url":"https:\/\/www.gremi-obres.org\/wp-content\/uploads\/2020\/09\/area-DUM.png","_links":{"self":[{"href":"https:\/\/www.gremi-obres.org\/es\/wp-json\/wp\/v2\/posts\/26121","targetHints":{"allow":["GET"]}}],"collection":[{"href":"https:\/\/www.gremi-obres.org\/es\/wp-json\/wp\/v2\/posts"}],"about":[{"href":"https:\/\/www.gremi-obres.org\/es\/wp-json\/wp\/v2\/types\/post"}],"author":[{"embeddable":true,"href":"https:\/\/www.gremi-obres.org\/es\/wp-json\/wp\/v2\/users\/1"}],"replies":[{"embeddable":true,"href":"https:\/\/www.gremi-obres.org\/es\/wp-json\/wp\/v2\/comments?post=26121"}],"version-history":[{"count":1,"href":"https:\/\/www.gremi-obres.org\/es\/wp-json\/wp\/v2\/posts\/26121\/revisions"}],"predecessor-version":[{"id":26123,"href":"https:\/\/www.gremi-obres.org\/es\/wp-json\/wp\/v2\/posts\/26121\/revisions\/26123"}],"wp:featuredmedia":[{"embeddable":true,"href":"https:\/\/www.gremi-obres.org\/es\/wp-json\/wp\/v2\/media\/25917"}],"wp:attachment":[{"href":"https:\/\/www.gremi-obres.org\/es\/wp-json\/wp\/v2\/media?parent=26121"}],"wp:term":[{"taxonomy":"category","embeddable":true,"href":"https:\/\/www.gremi-obres.org\/es\/wp-json\/wp\/v2\/categories?post=26121"},{"taxonomy":"post_tag","embeddable":true,"href":"https:\/\/www.gremi-obres.org\/es\/wp-json\/wp\/v2\/tags?post=26121"}],"curies":[{"name":"wp","href":"https:\/\/api.w.org\/{rel}","templated":true}]}}