{"id":26097,"date":"2020-10-02T14:58:13","date_gmt":"2020-10-02T06:58:13","guid":{"rendered":"https:\/\/gremi-obres.org\/?p=26097"},"modified":"2020-10-02T16:38:38","modified_gmt":"2020-10-02T08:38:38","slug":"de-que-vam-parlar-a-la-sessio-de-la-rime-de-l1-doctubre","status":"publish","type":"post","link":"https:\/\/www.gremi-obres.org\/es\/de-que-vam-parlar-a-la-sessio-de-la-rime-de-l1-doctubre\/","title":{"rendered":"De qu\u00e8 vam parlar a la sessi\u00f3 de la RiMe de l&#8217;1 d&#8217;octubre?"},"content":{"rendered":"<h4>Al mat\u00ed del dijous 1 d&#8217;octubre va celebrar-se una nova sessi\u00f3 de la Comissi\u00f3 de Rehabilitaci\u00f3 i Manteniment dels Edificis (RiMe). En aquesta ocasi\u00f3, la jornada va dedicar-se a aprofundir sobre el valor i utilitat de la diagnosi d\u2019un edifici, com a pas previ de la planificaci\u00f3 i execuci\u00f3 d\u2019una rehabilitaci\u00f3.<\/h4>\n<p>Josep A.\u00a0 Mart\u00ednez, president de la RiMe, va presentar la sessi\u00f3 i la tem\u00e0tica del dia, oferint la seva visi\u00f3 com a constructor de la import\u00e0ncia d&#8217;una diagnosi correcta i detallada de l&#8217;edifici per la posterior execuci\u00f3 de la rehabilitaci\u00f3. Igualment, segons va defensar, resulta molt necess\u00e0ria per l\u2019elaboraci\u00f3 d\u2019un pressupost que s\u2019ajusti a les necessitats de l\u2019obra, coneixent des d&#8217;un principi els problemes de l\u2019edifici i per tant els costos aproximats de les actuacions requerides.<\/p>\n<p>Posteriorment, Enric Heredia, president de l&#8217;Associaci\u00f3 de Consultors d&#8217;Estructures (ACE), va analitzar el paper dels t\u00e8cnics especialistes d&#8217;estructures en la tasca diagn\u00f2stica de l&#8217;edifici. En aquest sentit, Heredia va presentar el Monogr\u00e0fic <em>Guia de Inspecci\u00f3 T\u00e8cnica: Estructures als Edificis (ITEE) Una metodologia senzilla i directa de pre-diagnosi d\u2019estructures<\/em>. Elaborat per l&#8217;ACE, suposa un instrument d&#8217;ajuda per facilitar la realitzaci\u00f3 d&#8217;un prediagn\u00f2stic de l&#8217;estat de l&#8217;estructura dels edificis, des d&#8217;un punt de vista estructural i de forma pr\u00e8via a la planificaci\u00f3 i execuci\u00f3 de la rehabilitaci\u00f3.<\/p>\n<p>Podeu trobar la presentaci\u00f3 d\u2019aquest interessant monogr\u00e0fic en el seg\u00fcent enlla\u00e7: <a href=\"https:\/\/gremi-obres.org\/wp-content\/uploads\/2020\/10\/ACE_ITEE-GREMI-2.pdf\">https:\/\/gremi-obres.org\/wp-content\/uploads\/2020\/10\/ACE_ITEE-GREMI-2.pdf<\/a><\/p>\n<p>A continuaci\u00f3, Carlos T. P\u00e9rez, assessor d\u2019arquitectura del Col.legi d&#8217;Administradors de Finques de Barcelona i Lleida (CAFBL), va subratllar la conveni\u00e8ncia de les inspeccions i diagnosis peri\u00f2diques i exhaustives, indicant els procediments previstos i les diferents condicions, casu\u00edstiques, recomanacions i normatives. P\u00e9rez va mostrar-se favorable a continuar impulsant les bones pr\u00e0ctiques i el valor de la qualitat, per damunt del preu, entre les comunitats de propietaris i el sector.<\/p>\n<p>Les pon\u00e8ncies van finalitzar amb interessants comentaris d&#8217;alguns dels assistents de la jornada, com Sandra Bestraten de la demarcaci\u00f3 de Barcelona del Col\u00b7legi d&#8217;Arquitectes de Catalunya (COAC); Jordi Pascual, cap del Servei de Conservaci\u00f3 de l&#8217;Ag\u00e8ncia de l&#8217;Habitatge de Catalunya; o Susana Ad\u00e1n, coordinadora t\u00e8cnica del Consorci Metropolit\u00e0 de l&#8217;Habitatge; entre d&#8217;altres.<\/p>\n<p>La jornada va clausurar-se amb l&#8217;agra\u00efment als ponents i als assistents.<\/p>\n","protected":false},"excerpt":{"rendered":"<p>Al mat\u00ed del dijous 1 d&#8217;octubre va celebrar-se una nova sessi\u00f3 de la Comissi\u00f3 de Rehabilitaci\u00f3 i Manteniment dels Edificis (RiMe). En aquesta ocasi\u00f3, la jornada va dedicar-se a aprofundir sobre el valor i utilitat de la diagnosi d\u2019un edifici, com a pas previ de la planificaci\u00f3 i execuci\u00f3 d\u2019una rehabilitaci\u00f3. Josep A.\u00a0 Mart\u00ednez, president de la RiMe, va presentar la sessi\u00f3 i la tem\u00e0tica del dia, oferint la seva visi\u00f3 com a constructor de la import\u00e0ncia d&#8217;una diagnosi correcta i detallada de l&#8217;edifici per la posterior execuci\u00f3 de la rehabilitaci\u00f3. Igualment, segons va defensar, resulta molt necess\u00e0ria per l\u2019elaboraci\u00f3<\/p>\n","protected":false},"author":1,"featured_media":26105,"comment_status":"open","ping_status":"open","sticky":false,"template":"","format":"standard","meta":{"_acf_changed":false,"footnotes":""},"categories":[362,550,546,547,363],"tags":[],"class_list":["post-26097","post","type-post","status-publish","format-standard","has-post-thumbnail","hentry","category-espacio-rehabilitacion","category-espai-rehabilitacio-es","category-noticies-es","category-recomanem-es","category-reportajes"],"acf":[],"yoast_head":"<!-- This site is optimized with the Yoast SEO plugin v26.6 - https:\/\/yoast.com\/wordpress\/plugins\/seo\/ -->\n<title>De qu\u00e8 vam parlar a la sessi\u00f3 de la RiMe de l&#039;1 d&#039;octubre? - Gremi de Constructors d&#039;Obres de Barcelona i Comarques<\/title>\n<meta name=\"robots\" content=\"index, follow, max-snippet:-1, max-image-preview:large, max-video-preview:-1\" \/>\n<link rel=\"canonical\" href=\"https:\/\/www.gremi-obres.org\/es\/de-que-vam-parlar-a-la-sessio-de-la-rime-de-l1-doctubre\/\" \/>\n<meta property=\"og:locale\" content=\"es_ES\" \/>\n<meta property=\"og:type\" content=\"article\" \/>\n<meta property=\"og:title\" content=\"De qu\u00e8 vam parlar a la sessi\u00f3 de la RiMe de l&#039;1 d&#039;octubre? - Gremi de Constructors d&#039;Obres de Barcelona i Comarques\" \/>\n<meta property=\"og:description\" content=\"Al mat\u00ed del dijous 1 d&#8217;octubre va celebrar-se una nova sessi\u00f3 de la Comissi\u00f3 de Rehabilitaci\u00f3 i Manteniment dels Edificis (RiMe). En aquesta ocasi\u00f3, la jornada va dedicar-se a aprofundir sobre el valor i utilitat de la diagnosi d\u2019un edifici, com a pas previ de la planificaci\u00f3 i execuci\u00f3 d\u2019una rehabilitaci\u00f3. Josep A.\u00a0 Mart\u00ednez, president de la RiMe, va presentar la sessi\u00f3 i la tem\u00e0tica del dia, oferint la seva visi\u00f3 com a constructor de la import\u00e0ncia d&#8217;una diagnosi correcta i detallada de l&#8217;edifici per la posterior execuci\u00f3 de la rehabilitaci\u00f3. Igualment, segons va defensar, resulta molt necess\u00e0ria per l\u2019elaboraci\u00f3\" \/>\n<meta property=\"og:url\" content=\"https:\/\/www.gremi-obres.org\/es\/de-que-vam-parlar-a-la-sessio-de-la-rime-de-l1-doctubre\/\" \/>\n<meta property=\"og:site_name\" content=\"Gremi de Constructors d&#039;Obres de Barcelona i Comarques\" \/>\n<meta property=\"article:published_time\" content=\"2020-10-02T06:58:13+00:00\" \/>\n<meta property=\"article:modified_time\" content=\"2020-10-02T08:38:38+00:00\" \/>\n<meta property=\"og:image\" content=\"https:\/\/www.gremi-obres.org\/wp-content\/uploads\/2020\/10\/diagnosi-rime-1.png\" \/>\n\t<meta property=\"og:image:width\" content=\"1773\" \/>\n\t<meta property=\"og:image:height\" content=\"980\" \/>\n\t<meta property=\"og:image:type\" content=\"image\/png\" \/>\n<meta name=\"author\" content=\"admin\" \/>\n<meta name=\"twitter:card\" content=\"summary_large_image\" \/>\n<meta name=\"twitter:label1\" content=\"Escrito por\" \/>\n\t<meta name=\"twitter:data1\" content=\"admin\" \/>\n\t<meta name=\"twitter:label2\" content=\"Tiempo de lectura\" \/>\n\t<meta name=\"twitter:data2\" content=\"2 minutos\" \/>\n<script type=\"application\/ld+json\" class=\"yoast-schema-graph\">{\"@context\":\"https:\/\/schema.org\",\"@graph\":[{\"@type\":\"WebPage\",\"@id\":\"https:\/\/www.gremi-obres.org\/es\/de-que-vam-parlar-a-la-sessio-de-la-rime-de-l1-doctubre\/\",\"url\":\"https:\/\/www.gremi-obres.org\/es\/de-que-vam-parlar-a-la-sessio-de-la-rime-de-l1-doctubre\/\",\"name\":\"De qu\u00e8 vam parlar a la sessi\u00f3 de la RiMe de l'1 d'octubre? - Gremi de Constructors d&#039;Obres de Barcelona i Comarques\",\"isPartOf\":{\"@id\":\"https:\/\/www.gremi-obres.org\/#website\"},\"primaryImageOfPage\":{\"@id\":\"https:\/\/www.gremi-obres.org\/es\/de-que-vam-parlar-a-la-sessio-de-la-rime-de-l1-doctubre\/#primaryimage\"},\"image\":{\"@id\":\"https:\/\/www.gremi-obres.org\/es\/de-que-vam-parlar-a-la-sessio-de-la-rime-de-l1-doctubre\/#primaryimage\"},\"thumbnailUrl\":\"https:\/\/www.gremi-obres.org\/wp-content\/uploads\/2020\/10\/diagnosi-rime-1.png\",\"datePublished\":\"2020-10-02T06:58:13+00:00\",\"dateModified\":\"2020-10-02T08:38:38+00:00\",\"author\":{\"@id\":\"https:\/\/www.gremi-obres.org\/#\/schema\/person\/0899d1bf9c0590005d47809f9315d840\"},\"breadcrumb\":{\"@id\":\"https:\/\/www.gremi-obres.org\/es\/de-que-vam-parlar-a-la-sessio-de-la-rime-de-l1-doctubre\/#breadcrumb\"},\"inLanguage\":\"es\",\"potentialAction\":[{\"@type\":\"ReadAction\",\"target\":[\"https:\/\/www.gremi-obres.org\/es\/de-que-vam-parlar-a-la-sessio-de-la-rime-de-l1-doctubre\/\"]}]},{\"@type\":\"ImageObject\",\"inLanguage\":\"es\",\"@id\":\"https:\/\/www.gremi-obres.org\/es\/de-que-vam-parlar-a-la-sessio-de-la-rime-de-l1-doctubre\/#primaryimage\",\"url\":\"https:\/\/www.gremi-obres.org\/wp-content\/uploads\/2020\/10\/diagnosi-rime-1.png\",\"contentUrl\":\"https:\/\/www.gremi-obres.org\/wp-content\/uploads\/2020\/10\/diagnosi-rime-1.png\",\"width\":1773,\"height\":980},{\"@type\":\"BreadcrumbList\",\"@id\":\"https:\/\/www.gremi-obres.org\/es\/de-que-vam-parlar-a-la-sessio-de-la-rime-de-l1-doctubre\/#breadcrumb\",\"itemListElement\":[{\"@type\":\"ListItem\",\"position\":1,\"name\":\"Inici\",\"item\":\"https:\/\/www.gremi-obres.org\/es\/\"},{\"@type\":\"ListItem\",\"position\":2,\"name\":\"De qu\u00e8 vam parlar a la sessi\u00f3 de la RiMe de l&#8217;1 d&#8217;octubre?\"}]},{\"@type\":\"WebSite\",\"@id\":\"https:\/\/www.gremi-obres.org\/#website\",\"url\":\"https:\/\/www.gremi-obres.org\/\",\"name\":\"Gremi de Constructors d&#039;Obres de Barcelona i Comarques\",\"description\":\"La missi\u00f3 del Gremi \u00e9s la de defensar els  interessos de les empreses constructores i rehabilitadores agremiades i recolzar-les en les necessitats de la seva activitat mitjan\u00e7ant serveis, recursos, formaci\u00f3, assessorament i informaci\u00f3\",\"potentialAction\":[{\"@type\":\"SearchAction\",\"target\":{\"@type\":\"EntryPoint\",\"urlTemplate\":\"https:\/\/www.gremi-obres.org\/?s={search_term_string}\"},\"query-input\":{\"@type\":\"PropertyValueSpecification\",\"valueRequired\":true,\"valueName\":\"search_term_string\"}}],\"inLanguage\":\"es\"},{\"@type\":\"Person\",\"@id\":\"https:\/\/www.gremi-obres.org\/#\/schema\/person\/0899d1bf9c0590005d47809f9315d840\",\"name\":\"admin\",\"image\":{\"@type\":\"ImageObject\",\"inLanguage\":\"es\",\"@id\":\"https:\/\/www.gremi-obres.org\/#\/schema\/person\/image\/\",\"url\":\"https:\/\/secure.gravatar.com\/avatar\/01f1708c07ad1e96486b333b447c55a6639abb2e7fe8911639cdafa4ee687367?s=96&d=mm&r=g\",\"contentUrl\":\"https:\/\/secure.gravatar.com\/avatar\/01f1708c07ad1e96486b333b447c55a6639abb2e7fe8911639cdafa4ee687367?s=96&d=mm&r=g\",\"caption\":\"admin\"},\"url\":\"https:\/\/www.gremi-obres.org\/es\/author\/admin\/\"}]}<\/script>\n<!-- \/ Yoast SEO plugin. -->","yoast_head_json":{"title":"De qu\u00e8 vam parlar a la sessi\u00f3 de la RiMe de l'1 d'octubre? - Gremi de Constructors d&#039;Obres de Barcelona i Comarques","robots":{"index":"index","follow":"follow","max-snippet":"max-snippet:-1","max-image-preview":"max-image-preview:large","max-video-preview":"max-video-preview:-1"},"canonical":"https:\/\/www.gremi-obres.org\/es\/de-que-vam-parlar-a-la-sessio-de-la-rime-de-l1-doctubre\/","og_locale":"es_ES","og_type":"article","og_title":"De qu\u00e8 vam parlar a la sessi\u00f3 de la RiMe de l'1 d'octubre? - Gremi de Constructors d&#039;Obres de Barcelona i Comarques","og_description":"Al mat\u00ed del dijous 1 d&#8217;octubre va celebrar-se una nova sessi\u00f3 de la Comissi\u00f3 de Rehabilitaci\u00f3 i Manteniment dels Edificis (RiMe). En aquesta ocasi\u00f3, la jornada va dedicar-se a aprofundir sobre el valor i utilitat de la diagnosi d\u2019un edifici, com a pas previ de la planificaci\u00f3 i execuci\u00f3 d\u2019una rehabilitaci\u00f3. Josep A.\u00a0 Mart\u00ednez, president de la RiMe, va presentar la sessi\u00f3 i la tem\u00e0tica del dia, oferint la seva visi\u00f3 com a constructor de la import\u00e0ncia d&#8217;una diagnosi correcta i detallada de l&#8217;edifici per la posterior execuci\u00f3 de la rehabilitaci\u00f3. Igualment, segons va defensar, resulta molt necess\u00e0ria per l\u2019elaboraci\u00f3","og_url":"https:\/\/www.gremi-obres.org\/es\/de-que-vam-parlar-a-la-sessio-de-la-rime-de-l1-doctubre\/","og_site_name":"Gremi de Constructors d&#039;Obres de Barcelona i Comarques","article_published_time":"2020-10-02T06:58:13+00:00","article_modified_time":"2020-10-02T08:38:38+00:00","og_image":[{"width":1773,"height":980,"url":"https:\/\/www.gremi-obres.org\/wp-content\/uploads\/2020\/10\/diagnosi-rime-1.png","type":"image\/png"}],"author":"admin","twitter_card":"summary_large_image","twitter_misc":{"Escrito por":"admin","Tiempo de lectura":"2 minutos"},"schema":{"@context":"https:\/\/schema.org","@graph":[{"@type":"WebPage","@id":"https:\/\/www.gremi-obres.org\/es\/de-que-vam-parlar-a-la-sessio-de-la-rime-de-l1-doctubre\/","url":"https:\/\/www.gremi-obres.org\/es\/de-que-vam-parlar-a-la-sessio-de-la-rime-de-l1-doctubre\/","name":"De qu\u00e8 vam parlar a la sessi\u00f3 de la RiMe de l'1 d'octubre? - Gremi de Constructors d&#039;Obres de Barcelona i Comarques","isPartOf":{"@id":"https:\/\/www.gremi-obres.org\/#website"},"primaryImageOfPage":{"@id":"https:\/\/www.gremi-obres.org\/es\/de-que-vam-parlar-a-la-sessio-de-la-rime-de-l1-doctubre\/#primaryimage"},"image":{"@id":"https:\/\/www.gremi-obres.org\/es\/de-que-vam-parlar-a-la-sessio-de-la-rime-de-l1-doctubre\/#primaryimage"},"thumbnailUrl":"https:\/\/www.gremi-obres.org\/wp-content\/uploads\/2020\/10\/diagnosi-rime-1.png","datePublished":"2020-10-02T06:58:13+00:00","dateModified":"2020-10-02T08:38:38+00:00","author":{"@id":"https:\/\/www.gremi-obres.org\/#\/schema\/person\/0899d1bf9c0590005d47809f9315d840"},"breadcrumb":{"@id":"https:\/\/www.gremi-obres.org\/es\/de-que-vam-parlar-a-la-sessio-de-la-rime-de-l1-doctubre\/#breadcrumb"},"inLanguage":"es","potentialAction":[{"@type":"ReadAction","target":["https:\/\/www.gremi-obres.org\/es\/de-que-vam-parlar-a-la-sessio-de-la-rime-de-l1-doctubre\/"]}]},{"@type":"ImageObject","inLanguage":"es","@id":"https:\/\/www.gremi-obres.org\/es\/de-que-vam-parlar-a-la-sessio-de-la-rime-de-l1-doctubre\/#primaryimage","url":"https:\/\/www.gremi-obres.org\/wp-content\/uploads\/2020\/10\/diagnosi-rime-1.png","contentUrl":"https:\/\/www.gremi-obres.org\/wp-content\/uploads\/2020\/10\/diagnosi-rime-1.png","width":1773,"height":980},{"@type":"BreadcrumbList","@id":"https:\/\/www.gremi-obres.org\/es\/de-que-vam-parlar-a-la-sessio-de-la-rime-de-l1-doctubre\/#breadcrumb","itemListElement":[{"@type":"ListItem","position":1,"name":"Inici","item":"https:\/\/www.gremi-obres.org\/es\/"},{"@type":"ListItem","position":2,"name":"De qu\u00e8 vam parlar a la sessi\u00f3 de la RiMe de l&#8217;1 d&#8217;octubre?"}]},{"@type":"WebSite","@id":"https:\/\/www.gremi-obres.org\/#website","url":"https:\/\/www.gremi-obres.org\/","name":"Gremi de Constructors d&#039;Obres de Barcelona i Comarques","description":"La missi\u00f3 del Gremi \u00e9s la de defensar els  interessos de les empreses constructores i rehabilitadores agremiades i recolzar-les en les necessitats de la seva activitat mitjan\u00e7ant serveis, recursos, formaci\u00f3, assessorament i informaci\u00f3","potentialAction":[{"@type":"SearchAction","target":{"@type":"EntryPoint","urlTemplate":"https:\/\/www.gremi-obres.org\/?s={search_term_string}"},"query-input":{"@type":"PropertyValueSpecification","valueRequired":true,"valueName":"search_term_string"}}],"inLanguage":"es"},{"@type":"Person","@id":"https:\/\/www.gremi-obres.org\/#\/schema\/person\/0899d1bf9c0590005d47809f9315d840","name":"admin","image":{"@type":"ImageObject","inLanguage":"es","@id":"https:\/\/www.gremi-obres.org\/#\/schema\/person\/image\/","url":"https:\/\/secure.gravatar.com\/avatar\/01f1708c07ad1e96486b333b447c55a6639abb2e7fe8911639cdafa4ee687367?s=96&d=mm&r=g","contentUrl":"https:\/\/secure.gravatar.com\/avatar\/01f1708c07ad1e96486b333b447c55a6639abb2e7fe8911639cdafa4ee687367?s=96&d=mm&r=g","caption":"admin"},"url":"https:\/\/www.gremi-obres.org\/es\/author\/admin\/"}]}},"jetpack_featured_media_url":"https:\/\/www.gremi-obres.org\/wp-content\/uploads\/2020\/10\/diagnosi-rime-1.png","_links":{"self":[{"href":"https:\/\/www.gremi-obres.org\/es\/wp-json\/wp\/v2\/posts\/26097","targetHints":{"allow":["GET"]}}],"collection":[{"href":"https:\/\/www.gremi-obres.org\/es\/wp-json\/wp\/v2\/posts"}],"about":[{"href":"https:\/\/www.gremi-obres.org\/es\/wp-json\/wp\/v2\/types\/post"}],"author":[{"embeddable":true,"href":"https:\/\/www.gremi-obres.org\/es\/wp-json\/wp\/v2\/users\/1"}],"replies":[{"embeddable":true,"href":"https:\/\/www.gremi-obres.org\/es\/wp-json\/wp\/v2\/comments?post=26097"}],"version-history":[{"count":1,"href":"https:\/\/www.gremi-obres.org\/es\/wp-json\/wp\/v2\/posts\/26097\/revisions"}],"predecessor-version":[{"id":26100,"href":"https:\/\/www.gremi-obres.org\/es\/wp-json\/wp\/v2\/posts\/26097\/revisions\/26100"}],"wp:featuredmedia":[{"embeddable":true,"href":"https:\/\/www.gremi-obres.org\/es\/wp-json\/wp\/v2\/media\/26105"}],"wp:attachment":[{"href":"https:\/\/www.gremi-obres.org\/es\/wp-json\/wp\/v2\/media?parent=26097"}],"wp:term":[{"taxonomy":"category","embeddable":true,"href":"https:\/\/www.gremi-obres.org\/es\/wp-json\/wp\/v2\/categories?post=26097"},{"taxonomy":"post_tag","embeddable":true,"href":"https:\/\/www.gremi-obres.org\/es\/wp-json\/wp\/v2\/tags?post=26097"}],"curies":[{"name":"wp","href":"https:\/\/api.w.org\/{rel}","templated":true}]}}