{"id":25487,"date":"2020-06-02T10:15:01","date_gmt":"2020-06-02T02:15:01","guid":{"rendered":"https:\/\/gremi-obres.org\/?p=25487"},"modified":"2020-06-02T15:28:55","modified_gmt":"2020-06-02T07:28:55","slug":"el-gremi-durant-lestat-dalarma-per-la-contencio-del-covid-19","status":"publish","type":"post","link":"https:\/\/www.gremi-obres.org\/es\/el-gremi-durant-lestat-dalarma-per-la-contencio-del-covid-19\/","title":{"rendered":"El Gremi durant l&#8217;Estat d&#8217;Alarma per la contenci\u00f3 del Covid-19"},"content":{"rendered":"<h3>Instal.lacions tancades i activitat formativa suspesa temporalment<\/h3>\n<p>Fruit de la propagaci\u00f3 descontrolada del COVID 19, en data 16 de mar\u00e7 de 2020 es va adoptar la decisi\u00f3 de mantenir les instal\u00b7lacions del Gremi tancades. De la mateixa manera, i seguint les indicacions governamentals, tamb\u00e9 vam<br \/>\nsuspendre de manera temporal la nostra activitat formativa. Esperem poder reprendre-la el m\u00e9s aviat possible, ja sigui amb cursos presencials (si la situaci\u00f3 ho permet) o amb alternatives virtuals. Tanmateix, durant aquestes darreres setmanes hem mantingut la prestaci\u00f3 de serveis als nostres agremiats, donant especial atenci\u00f3 a les necessitats que la nova situaci\u00f3 crea a les empreses i els seus treballadors.<\/p>\n<p>En aquest sentit, davant l\u2019allau de consultes sobre el coronavirus Sars-Cov-2, des del Gremi vam crear una secci\u00f3 web on hem publicat de manera gaireb\u00e9 di\u00e0ria informaci\u00f3 a nivell estatal, auton\u00f2mic i municipal que ens arriben sobre novetats normatives i\u00a0 recomanacions. A la web podeu trobar la secci\u00f3 al men\u00fa de dalt a l\u2019esquerra del tot, amb el nom INFORMACI\u00d3 SOBRE CRISI COVID-19.<\/p>\n<p>Per accedir en aquesta secci\u00f3 informativa us demanaran la contrasenya del Gremi. Moltes d\u2019aquestes not\u00edcies, les m\u00e9s destacades i urgents, tamb\u00e9 se us han enviat mitjan\u00e7ant una circular web. Igualment, a finals d\u2019abril vam comen\u00e7ar a enviar als agremiats avisos via whatsapp dels nostres comunicats, per facilitar la recepci\u00f3 i coneixement de la informaci\u00f3 que enviem. Si sou agremiats i no els esteu rebent, i voleu fer-ho, ens ho podeu indicar a comunicacio@gremi-obres.org. Igualment, continuarem enviant tots els comunicats tamb\u00e9 via correu electr\u00f2nic, com fins ara.<\/p>\n<hr \/>\n<h3>Posicionament i demandes del Gremi. Necessitat de mesures per protegir a treballadors i empreses, i per mantenir i recuperar el sector.<\/h3>\n<p>Durant aquestes setmanes el Gremi ha mantingut conversacions i negociacions amb empreses, altres entitats del sector i administraci\u00f3. Tamb\u00e9 s\u2019han continuat celebrant les reunions del Comit\u00e8 Executiu de l\u2019entitat. La lluita que s\u2019ha portat a terme i en la que encara hi som \u00e9s, primer, per assegurar-ne la protecci\u00f3 de la salut de les empreses i els seus treballadors; i segon, per comptar-ne amb els mecanismes necessaris per pal\u00b7liar els efectes de la crisi econ\u00f2mica i de les mesures de contenci\u00f3 al sector de la construcci\u00f3, i permetre la seva recuperaci\u00f3. Al respecte, el posicionament del Gremi es veu reflectit en els diferents comunicats que hem enviat al Govern estatal, a la Generalitat i a l\u2019Ajuntament de Barcelona, proposant mesures de necessitat pel sector, i aplegant-ne tamb\u00e9 a altres<br \/>\nentitats sota el paraig\u00fces de la Confederaci\u00f3 Catalana de la Construcci\u00f3.<\/p>\n<p>Resumidament, en un primer comunicat enviat el dimecres 25 de mar\u00e7, vam defensar la necessitat de decretar-se l\u2019aturada de l\u2019activitat en el moment de m\u00e0xim contagi de l\u2019epid\u00e8mia, per tal de preservar la salut d\u2019empresaris i treballadors i poder les empreses emparar-se als mecanismes de recolzament previstos per altres sectors pr\u00e8viament ja aturats. Posteriorment, en un segon comunicat, enviat el dilluns 6 d\u2019abril, des del Gremi vam demanar la necess\u00e0ria implementaci\u00f3 de mecanismes\u00a0 econ\u00f2mics i normatius per tal de qu\u00e8 les empreses del sector puguin mantenir-se i recuperar-se un cop passi aquesta crisi.<\/p>\n<p>Concretament, deman\u00e0vem les seg\u00fcents mesures:<\/p>\n<p>1.Una tramitaci\u00f3 \u00e0gil i eficient dels expedients de regulaci\u00f3 temporal d\u2019ocupaci\u00f3 (ERTO) per causa de for\u00e7a major.<br \/>\n2.Supeditar l\u2019ERTO al manteniment de la plantilla, no per sis mesos, sin\u00f3 fins que finalitzi el termini del contracte\u00a0 fixe d\u2019obra i serveis vinculat a l\u2019obra que hagi estat aturada.<br \/>\n3.Establir una protecci\u00f3 complement\u00e0ria per aquells aut\u00f2noms que no es podien acollir al reial decret 11\/2020, de 31\u00a0 de mar\u00e7, per\u00f2 que s\u2019havien quedat sense feines per l\u2019aturada de les obres en les que participaven o perqu\u00e8 els\u00a0 clients particulars no volien prosseguir les feines per por a un contagi.<br \/>\n4. Acordar una morat\u00f2ria en el pagament dels impostos durant un termini de 6 mesos , i posteriorment permetre el\u00a0 seu pagament fraccionat en funci\u00f3 de les circumst\u00e0ncies per tal d\u2019evitar el col\u00b7lapse de les empreses i que aquestes tinguin la necess\u00e0ria liquiditat.<br \/>\n5.La tramitaci\u00f3 \u00e0gil i sense demores de les certificacions i factures emeses per les\u00a0 empreses i el seu pagament en el terminis legalment establerts.<br \/>\n6.La tramitaci\u00f3 i pagament de les indemnitzacions\u00a0 derivades de la suspensi\u00f3 dels contractes d\u2019obres garantint el pagament total de les despeses en els termes previstos\u00a0 per la legislaci\u00f3.<\/p>\n<p>A m\u00e9s a m\u00e9s, el 20 d\u2019abril, amb una situaci\u00f3 sanit\u00e0ria m\u00e9s optimista que la de setmanes abans, vam adre\u00e7ar-nos a\u00a0 l\u2019Ajuntament de Barcelona per expressar la nostra preocupaci\u00f3 per com la paralitzaci\u00f3 de l\u2019activitat en la construcci\u00f3 afecta greument la sostenibilitat de les nostres pimes i aut\u00f2noms, posant en risc la seva continu\u00eftat i l\u2019ocupaci\u00f3 dels<br \/>\nseus treballadors. Precisament i per l\u2019especialitzaci\u00f3 exigida en treballs de rehabilitaci\u00f3, millora de l\u2019efici\u00e8ncia\u00a0 energ\u00e8tica i conservaci\u00f3 del patrimoni, moltes empreses han consolidat equips de treball que ara estan en risc.<\/p>\n<p>Deman\u00e0vem a l\u2019Ajuntament, en aquesta carta, una reconsideraci\u00f3 de la interpretaci\u00f3 restrictiva de la SND 340\/2020, cap a una interpretaci\u00f3 moderada i ajustada, possibilitant l\u2019activitat sempre que es compleixi amb les\u00a0 condicions indicades a l\u2019ordre.<\/p>\n<p>Tamb\u00e9 vam aprofitar per traslladar-li que com a col\u00b7lectiu i ciutadans de Barcelona, tamb\u00e9 \u00e9s motiu de la nostra\u00a0 preocupaci\u00f3 la situaci\u00f3 que es presentar\u00e0 a la sortida de la crisi, amb la necessitat d\u2019implementar mesures que permetin una reactivaci\u00f3 del sector de la construcci\u00f3 i que retorni la feina a tots els treballadors que ara l\u2019han perdut.\u00a0 Igualment, ofer\u00edem la nostra col\u00b7laboraci\u00f3 i que suport a la necess\u00e0ria iniciativa de preparar i implementar\u00a0 un pla per la reactivaci\u00f3 del sector.<\/p>\n<p>Adjunt a la carta, propos\u00e0vem un paquet de deu mesures que des del Gremi\u00a0 estimem necess\u00e0ries i raonables per reactivar el sector a Barcelona. Les seg\u00fcents:<\/p>\n<p>1.Represa immediata i progressiva de les obres aturades amb respecte a les instruccions donades per les autoritats competents.<br \/>\n2.Liquidaci\u00f3 de les certificacions\/ factures pendents i valoraci\u00f3, certificaci\u00f3 i pagament dels costos derivats de la paralitzaci\u00f3 de les obres.<br \/>\n3. Revisi\u00f3 i modificaci\u00f3 de la restrictiva interpretaci\u00f3 de l\u2019ordre SND 340\/2020 de 12 de mar\u00e7 que regula l\u2019activitat de la construcci\u00f3 en edificis existents habitats, interpretaci\u00f3 que dificulta \u201cde facto\u201d l\u2019activitat.<br \/>\n4. Reactivaci\u00f3 de l\u2019activitat administrativa i de gesti\u00f3 de l\u2019Ajuntament, aix\u00ed com la de les entitats vinculades. Agilitzar la tramitaci\u00f3 de permisos, llic\u00e8ncies i processos de licitacions d\u2019obres.<br \/>\n5. Publicaci\u00f3 del programa de licitacions per facilitar la organitzaci\u00f3 dels licitadors. Licitaci\u00f3 de les obres programades pels diferents organismes.<br \/>\n6. Revisi\u00f3 i modificaci\u00f3, amb interpretaci\u00f3 oberta, raonable i socialment responsable, dels criteris d\u2019\u00fas de diferents espais en el parc constru\u00eft. Canvis d\u2019\u00fas en habitatge i locals.<br \/>\n7. Convocat\u00f2ria immediata dels ajuts per la rehabilitaci\u00f3 i millora\u00a0 de l\u2019efici\u00e8ncia energ\u00e8tica en edificis d\u2019habitatges.Revisi\u00f3 de les cl\u00e0usules per ampliar els ajuts a m\u00e9s edificis i beneficiaris i combinar-ho amb revisi\u00f3 de la fiscalitat. Simplificaci\u00f3 substancial de les condicions.<br \/>\n8..Convocat\u00f2ria immediata d\u2019ajuts per la millora de l\u2019interior d\u2019habitatges (manteniment, habitabilitat i millora de l\u2019efici\u00e8ncia energ\u00e8tica). Ajuts basats en desgravacions i vinculats a certificaci\u00f3 energ\u00e8tica.<br \/>\n9. Vinculat a les propostes 6 i 7: promoure activament una reducci\u00f3 de l\u2019IVA en les obres de reforma i rehabilitaci\u00f3.<br \/>\n10. Afavorir la col\u00b7laboraci\u00f3 p\u00fablic-privada en els projectes de reforma i rehabilitaci\u00f3 necessaris per la millora de la condicions de vida dels ciutadans amb una substancial carga administrativa i financera.<\/p>\n<p>Aquests diferents comunicats del Gremi dirigits als governs de l\u2019Estat, de la Generalitat i de l\u2019Ajuntament de\u00a0 Barcelona, mostren posicionaments compartits en l\u00ednies generals amb altres entitats de la Confederaci\u00f3 Catalana de\u00a0 la Construcci\u00f3, aix\u00ed com amb la Confederaci\u00f3 Nacional de la Construcci\u00f3 i altres entitats representatives del sector de la construcci\u00f3 que tamb\u00e9 han mostrat la seva preocupaci\u00f3 per la situaci\u00f3 i proposat mesures als diferents governs.<\/p>\n<p>Amb m\u00e9s o menys encert, moltes d\u2019aquestes reivindicacions fetes des de les entitats empresarials han definit i impulsat noves normatives i mecanismes que troben respostes als diferents problemes que ha comportat, comporta i comportar\u00e0 la situaci\u00f3.<\/p>\n<p>Cal afegir que tamb\u00e9 vam mostrar, i mostrem, la nostra solidaritat amb tots els afectats per la pand\u00e8mia, pacients i familiars, i traslladem el nostre condol als familiars de les v\u00edctimes. Traslladem tamb\u00e9 la nostra gratitud a tot el personal sanitari i voluntaris, sense distinci\u00f3, que d\u2019una forma exemplar i, en primera l\u00ednia, estan atenent als afectats. Gratitud extensiva a aquell gran gruix de persones desconegudes, i sovint invisibles, que sense ells i elles no s\u2019aconseguiria mai sortir d\u2019una situaci\u00f3 tan excepcional com la que estem vivint.<\/p>\n<hr \/>\n<h3>Reuni\u00f3 de la RiMe del passat 14 d\u2019abril i Webinars per agremiats<\/h3>\n<p>Durant aquests dos mesos d\u2019estatd \u2019alarma s\u00f3n moltes les empreses que ens heu fet arribar directament els vostres dubtes i comentaris sobre la situaci\u00f3. Aix\u00ed mateix, el passat 14 d\u2019abril vam poder mantenir una reuni\u00f3 de la Comissi\u00f3\u00a0 RiMe per videoconfer\u00e8ncia.<\/p>\n<p>La reuni\u00f3 va ser convocada d\u2019urg\u00e8ncia arran l\u2019aprovaci\u00f3 de l\u2019Ordre SND\/340\/2020, de 12 d\u2019abril, amb la qual es sspenien les obres d\u2019intervenci\u00f3 en edificis existents en qu\u00e8 hiu hagi risc de contagi pel COVID-19 per a persones no treballadores de l\u2019obra.<\/p>\n<p>A banda de q\u00fcestions directament relacionades a la nova ordre, les empreses tamb\u00e9 van poder compartir com estaven manegant la situaci\u00f3 amb les seves plantilles i les seves obres. Algunes han fet Ertos als seus treballadors, altres no. Algunes han hagut de deixar moltes a obres a mitges a l\u2019espera de la represa de la normalitat, i d\u2019altres en canvi han pogut mantenir les seves obres al no incidir en els condicionants indicats per les autoritats per aturar l\u2019activitat.<\/p>\n<p>En tot cas, unes i altres van coincidir en la incertesa que pateixen, en la voluntat de conciliar les necessitats econ\u00f2miques de l\u2019empresa amb les dels seus treballadors. M\u00e9s endavant, durant la primera quinzena del mes de maig vam celebrar tres webinars per tal que els agremiats tingu\u00e9ssiu informaci\u00f3 de primera m\u00e0 dels vostres assessors sobre q\u00fcestions fiscals, laborals i preventives. A cadascuna de les sessions els participants van tamb\u00e9<br \/>\npoder preguntar els seus dubtes als especialistes del Gremi. A data de publicaci\u00f3 d\u2019aquesta revista estem mirant de planificar noves sessions per videoconfer\u00e8ncia, que s\u2019afegirien a la ja programada RiMe del dia 4 de juny.<\/p>\n<hr \/>\n<h3>Compres conjuntes del Gremi: Equips de Protecci\u00f3 Individual per evitar el contagi per Covid-19 a les obres<\/h3>\n<p>L\u2019alta i creixent demanda a nivell\u00a0 mundial d\u2019Equips de Protecci\u00f3 Individual (mascaretes, guants, bates, pantalles, \u2026) per minimitzar riscos de contagi per Covid-19, fa que moltes empreses agremiades estiguin tenint problemes per\u00a0 adquirir suficient material de protecci\u00f3 per a les seves plantilles, i sovint si ho aconsegueixen \u00e9s a preus elevats, el que tenint en compte l\u2019ef\u00edmera validesa d\u2019aquests equips, comporta i comportar\u00e0 importants despeses per les\u00a0 empreses.<\/p>\n<p>Davant d\u2019aquesta situaci\u00f3, en previsi\u00f3 de qu\u00e8 la situaci\u00f3 es perllongui, i fins i tot, que hi puguin haver rebrots en els pr\u00f2xims mesos o anys, des del Gremi a comen\u00e7aments de maig vam comen\u00e7ar a oferir la possibilitat de<br \/>\nfer-ne compres conjuntes i massives d\u2019Equips de Protecci\u00f3 Individual per tal d\u2019intentar accedir a preus i possibilitats que no s\u2019aconseguirien fent demandes individuals de menor import. Les primeres comandes ja han estat entregades a les empreses agremiades que ens ho van demanar, i tenim previst continuar organitzant noves compres conjuntes de forma peri\u00f2dica en funci\u00f3 de la situaci\u00f3 social i sanit\u00e0ria aix\u00ed com de les vostres demandes de material, i si s\u00f3n suficients per poder-ne fer compres massives a preus econ\u00f2mics i bones condicions. Us continuarem informat sobre aquestes compres mitjan\u00e7ant correus electr\u00f2nics.<\/p>\n<hr \/>\n<h3><strong>COMENTARIS I CONSULTES DELS AGREMIATS SOBRE COM ESTAN MANEGANT LA CRISI<\/strong><\/h3>\n<p>Aprofitem per a recordar-vos que per a qualsevol comentari o consulta que tingueu relacionat amb la vostra activitat i les diferents mesures i possibilitats derivades de la lluita contra el Covid-19, ens ho podeu fer arribar a info@<br \/>\ngremi-obres.org. Tamb\u00e9 agrair\u00edem si ens f\u00e9ssiu comentaris sobre com porteu la situaci\u00f3 a la vostra empresa o<br \/>\nfent-nos propostes per poder-les compartir amb la resta d\u2019agremiats. Tamb\u00e9, recordem, restem a la vostra disposici\u00f3 per respondre els dubtes el m\u00e9s aviat possible.<\/p>\n<p>En aquest sentit, us recordem tamb\u00e9 com compteu amb un equip d\u2019assessors especialitzats als quals derivem consultes que ens envieu per tal que tingueu resposta d\u2019especialistes.<\/p>\n","protected":false},"excerpt":{"rendered":"<p>Instal.lacions tancades i activitat formativa suspesa temporalment Fruit de la propagaci\u00f3 descontrolada del COVID 19, en data 16 de mar\u00e7 de 2020 es va adoptar la decisi\u00f3 de mantenir les instal\u00b7lacions del Gremi tancades. De la mateixa manera, i seguint les indicacions governamentals, tamb\u00e9 vam suspendre de manera temporal la nostra activitat formativa. Esperem poder reprendre-la el m\u00e9s aviat possible, ja sigui amb cursos presencials (si la situaci\u00f3 ho permet) o amb alternatives virtuals. Tanmateix, durant aquestes darreres setmanes hem mantingut la prestaci\u00f3 de serveis als nostres agremiats, donant especial atenci\u00f3 a les necessitats que la nova situaci\u00f3 crea a<\/p>\n","protected":false},"author":1,"featured_media":25480,"comment_status":"open","ping_status":"open","sticky":false,"template":"","format":"standard","meta":{"_acf_changed":false,"footnotes":""},"categories":[362,546,547,363],"tags":[],"class_list":["post-25487","post","type-post","status-publish","format-standard","has-post-thumbnail","hentry","category-espacio-rehabilitacion","category-noticies-es","category-recomanem-es","category-reportajes"],"acf":[],"yoast_head":"<!-- This site is optimized with the Yoast SEO plugin v26.6 - https:\/\/yoast.com\/wordpress\/plugins\/seo\/ -->\n<title>El Gremi durant l&#039;Estat d&#039;Alarma per la contenci\u00f3 del Covid-19 - Gremi de Constructors d&#039;Obres de Barcelona i Comarques<\/title>\n<meta name=\"robots\" content=\"index, follow, max-snippet:-1, max-image-preview:large, max-video-preview:-1\" \/>\n<link rel=\"canonical\" href=\"https:\/\/www.gremi-obres.org\/es\/el-gremi-durant-lestat-dalarma-per-la-contencio-del-covid-19\/\" \/>\n<meta property=\"og:locale\" content=\"es_ES\" \/>\n<meta property=\"og:type\" content=\"article\" \/>\n<meta property=\"og:title\" content=\"El Gremi durant l&#039;Estat d&#039;Alarma per la contenci\u00f3 del Covid-19 - Gremi de Constructors d&#039;Obres de Barcelona i Comarques\" \/>\n<meta property=\"og:description\" content=\"Instal.lacions tancades i activitat formativa suspesa temporalment Fruit de la propagaci\u00f3 descontrolada del COVID 19, en data 16 de mar\u00e7 de 2020 es va adoptar la decisi\u00f3 de mantenir les instal\u00b7lacions del Gremi tancades. De la mateixa manera, i seguint les indicacions governamentals, tamb\u00e9 vam suspendre de manera temporal la nostra activitat formativa. Esperem poder reprendre-la el m\u00e9s aviat possible, ja sigui amb cursos presencials (si la situaci\u00f3 ho permet) o amb alternatives virtuals. Tanmateix, durant aquestes darreres setmanes hem mantingut la prestaci\u00f3 de serveis als nostres agremiats, donant especial atenci\u00f3 a les necessitats que la nova situaci\u00f3 crea a\" \/>\n<meta property=\"og:url\" content=\"https:\/\/www.gremi-obres.org\/es\/el-gremi-durant-lestat-dalarma-per-la-contencio-del-covid-19\/\" \/>\n<meta property=\"og:site_name\" content=\"Gremi de Constructors d&#039;Obres de Barcelona i Comarques\" \/>\n<meta property=\"article:published_time\" content=\"2020-06-02T02:15:01+00:00\" \/>\n<meta property=\"article:modified_time\" content=\"2020-06-02T07:28:55+00:00\" \/>\n<meta property=\"og:image\" content=\"https:\/\/www.gremi-obres.org\/wp-content\/uploads\/2020\/05\/P1010428-web.jpg\" \/>\n\t<meta property=\"og:image:width\" content=\"800\" \/>\n\t<meta property=\"og:image:height\" content=\"401\" \/>\n\t<meta property=\"og:image:type\" content=\"image\/jpeg\" \/>\n<meta name=\"author\" content=\"admin\" \/>\n<meta name=\"twitter:card\" content=\"summary_large_image\" \/>\n<meta name=\"twitter:label1\" content=\"Escrito por\" \/>\n\t<meta name=\"twitter:data1\" content=\"admin\" \/>\n\t<meta name=\"twitter:label2\" content=\"Tiempo de lectura\" \/>\n\t<meta name=\"twitter:data2\" content=\"11 minutos\" \/>\n<script type=\"application\/ld+json\" class=\"yoast-schema-graph\">{\"@context\":\"https:\/\/schema.org\",\"@graph\":[{\"@type\":\"WebPage\",\"@id\":\"https:\/\/www.gremi-obres.org\/es\/el-gremi-durant-lestat-dalarma-per-la-contencio-del-covid-19\/\",\"url\":\"https:\/\/www.gremi-obres.org\/es\/el-gremi-durant-lestat-dalarma-per-la-contencio-del-covid-19\/\",\"name\":\"El Gremi durant l'Estat d'Alarma per la contenci\u00f3 del Covid-19 - Gremi de Constructors d&#039;Obres de Barcelona i Comarques\",\"isPartOf\":{\"@id\":\"https:\/\/www.gremi-obres.org\/#website\"},\"primaryImageOfPage\":{\"@id\":\"https:\/\/www.gremi-obres.org\/es\/el-gremi-durant-lestat-dalarma-per-la-contencio-del-covid-19\/#primaryimage\"},\"image\":{\"@id\":\"https:\/\/www.gremi-obres.org\/es\/el-gremi-durant-lestat-dalarma-per-la-contencio-del-covid-19\/#primaryimage\"},\"thumbnailUrl\":\"https:\/\/www.gremi-obres.org\/wp-content\/uploads\/2020\/05\/P1010428-web.jpg\",\"datePublished\":\"2020-06-02T02:15:01+00:00\",\"dateModified\":\"2020-06-02T07:28:55+00:00\",\"author\":{\"@id\":\"https:\/\/www.gremi-obres.org\/#\/schema\/person\/0899d1bf9c0590005d47809f9315d840\"},\"breadcrumb\":{\"@id\":\"https:\/\/www.gremi-obres.org\/es\/el-gremi-durant-lestat-dalarma-per-la-contencio-del-covid-19\/#breadcrumb\"},\"inLanguage\":\"es\",\"potentialAction\":[{\"@type\":\"ReadAction\",\"target\":[\"https:\/\/www.gremi-obres.org\/es\/el-gremi-durant-lestat-dalarma-per-la-contencio-del-covid-19\/\"]}]},{\"@type\":\"ImageObject\",\"inLanguage\":\"es\",\"@id\":\"https:\/\/www.gremi-obres.org\/es\/el-gremi-durant-lestat-dalarma-per-la-contencio-del-covid-19\/#primaryimage\",\"url\":\"https:\/\/www.gremi-obres.org\/wp-content\/uploads\/2020\/05\/P1010428-web.jpg\",\"contentUrl\":\"https:\/\/www.gremi-obres.org\/wp-content\/uploads\/2020\/05\/P1010428-web.jpg\",\"width\":800,\"height\":401},{\"@type\":\"BreadcrumbList\",\"@id\":\"https:\/\/www.gremi-obres.org\/es\/el-gremi-durant-lestat-dalarma-per-la-contencio-del-covid-19\/#breadcrumb\",\"itemListElement\":[{\"@type\":\"ListItem\",\"position\":1,\"name\":\"Inici\",\"item\":\"https:\/\/www.gremi-obres.org\/es\/\"},{\"@type\":\"ListItem\",\"position\":2,\"name\":\"El Gremi durant l&#8217;Estat d&#8217;Alarma per la contenci\u00f3 del Covid-19\"}]},{\"@type\":\"WebSite\",\"@id\":\"https:\/\/www.gremi-obres.org\/#website\",\"url\":\"https:\/\/www.gremi-obres.org\/\",\"name\":\"Gremi de Constructors d&#039;Obres de Barcelona i Comarques\",\"description\":\"La missi\u00f3 del Gremi \u00e9s la de defensar els  interessos de les empreses constructores i rehabilitadores agremiades i recolzar-les en les necessitats de la seva activitat mitjan\u00e7ant serveis, recursos, formaci\u00f3, assessorament i informaci\u00f3\",\"potentialAction\":[{\"@type\":\"SearchAction\",\"target\":{\"@type\":\"EntryPoint\",\"urlTemplate\":\"https:\/\/www.gremi-obres.org\/?s={search_term_string}\"},\"query-input\":{\"@type\":\"PropertyValueSpecification\",\"valueRequired\":true,\"valueName\":\"search_term_string\"}}],\"inLanguage\":\"es\"},{\"@type\":\"Person\",\"@id\":\"https:\/\/www.gremi-obres.org\/#\/schema\/person\/0899d1bf9c0590005d47809f9315d840\",\"name\":\"admin\",\"image\":{\"@type\":\"ImageObject\",\"inLanguage\":\"es\",\"@id\":\"https:\/\/www.gremi-obres.org\/#\/schema\/person\/image\/\",\"url\":\"https:\/\/secure.gravatar.com\/avatar\/01f1708c07ad1e96486b333b447c55a6639abb2e7fe8911639cdafa4ee687367?s=96&d=mm&r=g\",\"contentUrl\":\"https:\/\/secure.gravatar.com\/avatar\/01f1708c07ad1e96486b333b447c55a6639abb2e7fe8911639cdafa4ee687367?s=96&d=mm&r=g\",\"caption\":\"admin\"},\"url\":\"https:\/\/www.gremi-obres.org\/es\/author\/admin\/\"}]}<\/script>\n<!-- \/ Yoast SEO plugin. -->","yoast_head_json":{"title":"El Gremi durant l'Estat d'Alarma per la contenci\u00f3 del Covid-19 - Gremi de Constructors d&#039;Obres de Barcelona i Comarques","robots":{"index":"index","follow":"follow","max-snippet":"max-snippet:-1","max-image-preview":"max-image-preview:large","max-video-preview":"max-video-preview:-1"},"canonical":"https:\/\/www.gremi-obres.org\/es\/el-gremi-durant-lestat-dalarma-per-la-contencio-del-covid-19\/","og_locale":"es_ES","og_type":"article","og_title":"El Gremi durant l'Estat d'Alarma per la contenci\u00f3 del Covid-19 - Gremi de Constructors d&#039;Obres de Barcelona i Comarques","og_description":"Instal.lacions tancades i activitat formativa suspesa temporalment Fruit de la propagaci\u00f3 descontrolada del COVID 19, en data 16 de mar\u00e7 de 2020 es va adoptar la decisi\u00f3 de mantenir les instal\u00b7lacions del Gremi tancades. De la mateixa manera, i seguint les indicacions governamentals, tamb\u00e9 vam suspendre de manera temporal la nostra activitat formativa. Esperem poder reprendre-la el m\u00e9s aviat possible, ja sigui amb cursos presencials (si la situaci\u00f3 ho permet) o amb alternatives virtuals. Tanmateix, durant aquestes darreres setmanes hem mantingut la prestaci\u00f3 de serveis als nostres agremiats, donant especial atenci\u00f3 a les necessitats que la nova situaci\u00f3 crea a","og_url":"https:\/\/www.gremi-obres.org\/es\/el-gremi-durant-lestat-dalarma-per-la-contencio-del-covid-19\/","og_site_name":"Gremi de Constructors d&#039;Obres de Barcelona i Comarques","article_published_time":"2020-06-02T02:15:01+00:00","article_modified_time":"2020-06-02T07:28:55+00:00","og_image":[{"width":800,"height":401,"url":"https:\/\/www.gremi-obres.org\/wp-content\/uploads\/2020\/05\/P1010428-web.jpg","type":"image\/jpeg"}],"author":"admin","twitter_card":"summary_large_image","twitter_misc":{"Escrito por":"admin","Tiempo de lectura":"11 minutos"},"schema":{"@context":"https:\/\/schema.org","@graph":[{"@type":"WebPage","@id":"https:\/\/www.gremi-obres.org\/es\/el-gremi-durant-lestat-dalarma-per-la-contencio-del-covid-19\/","url":"https:\/\/www.gremi-obres.org\/es\/el-gremi-durant-lestat-dalarma-per-la-contencio-del-covid-19\/","name":"El Gremi durant l'Estat d'Alarma per la contenci\u00f3 del Covid-19 - Gremi de Constructors d&#039;Obres de Barcelona i Comarques","isPartOf":{"@id":"https:\/\/www.gremi-obres.org\/#website"},"primaryImageOfPage":{"@id":"https:\/\/www.gremi-obres.org\/es\/el-gremi-durant-lestat-dalarma-per-la-contencio-del-covid-19\/#primaryimage"},"image":{"@id":"https:\/\/www.gremi-obres.org\/es\/el-gremi-durant-lestat-dalarma-per-la-contencio-del-covid-19\/#primaryimage"},"thumbnailUrl":"https:\/\/www.gremi-obres.org\/wp-content\/uploads\/2020\/05\/P1010428-web.jpg","datePublished":"2020-06-02T02:15:01+00:00","dateModified":"2020-06-02T07:28:55+00:00","author":{"@id":"https:\/\/www.gremi-obres.org\/#\/schema\/person\/0899d1bf9c0590005d47809f9315d840"},"breadcrumb":{"@id":"https:\/\/www.gremi-obres.org\/es\/el-gremi-durant-lestat-dalarma-per-la-contencio-del-covid-19\/#breadcrumb"},"inLanguage":"es","potentialAction":[{"@type":"ReadAction","target":["https:\/\/www.gremi-obres.org\/es\/el-gremi-durant-lestat-dalarma-per-la-contencio-del-covid-19\/"]}]},{"@type":"ImageObject","inLanguage":"es","@id":"https:\/\/www.gremi-obres.org\/es\/el-gremi-durant-lestat-dalarma-per-la-contencio-del-covid-19\/#primaryimage","url":"https:\/\/www.gremi-obres.org\/wp-content\/uploads\/2020\/05\/P1010428-web.jpg","contentUrl":"https:\/\/www.gremi-obres.org\/wp-content\/uploads\/2020\/05\/P1010428-web.jpg","width":800,"height":401},{"@type":"BreadcrumbList","@id":"https:\/\/www.gremi-obres.org\/es\/el-gremi-durant-lestat-dalarma-per-la-contencio-del-covid-19\/#breadcrumb","itemListElement":[{"@type":"ListItem","position":1,"name":"Inici","item":"https:\/\/www.gremi-obres.org\/es\/"},{"@type":"ListItem","position":2,"name":"El Gremi durant l&#8217;Estat d&#8217;Alarma per la contenci\u00f3 del Covid-19"}]},{"@type":"WebSite","@id":"https:\/\/www.gremi-obres.org\/#website","url":"https:\/\/www.gremi-obres.org\/","name":"Gremi de Constructors d&#039;Obres de Barcelona i Comarques","description":"La missi\u00f3 del Gremi \u00e9s la de defensar els  interessos de les empreses constructores i rehabilitadores agremiades i recolzar-les en les necessitats de la seva activitat mitjan\u00e7ant serveis, recursos, formaci\u00f3, assessorament i informaci\u00f3","potentialAction":[{"@type":"SearchAction","target":{"@type":"EntryPoint","urlTemplate":"https:\/\/www.gremi-obres.org\/?s={search_term_string}"},"query-input":{"@type":"PropertyValueSpecification","valueRequired":true,"valueName":"search_term_string"}}],"inLanguage":"es"},{"@type":"Person","@id":"https:\/\/www.gremi-obres.org\/#\/schema\/person\/0899d1bf9c0590005d47809f9315d840","name":"admin","image":{"@type":"ImageObject","inLanguage":"es","@id":"https:\/\/www.gremi-obres.org\/#\/schema\/person\/image\/","url":"https:\/\/secure.gravatar.com\/avatar\/01f1708c07ad1e96486b333b447c55a6639abb2e7fe8911639cdafa4ee687367?s=96&d=mm&r=g","contentUrl":"https:\/\/secure.gravatar.com\/avatar\/01f1708c07ad1e96486b333b447c55a6639abb2e7fe8911639cdafa4ee687367?s=96&d=mm&r=g","caption":"admin"},"url":"https:\/\/www.gremi-obres.org\/es\/author\/admin\/"}]}},"jetpack_featured_media_url":"https:\/\/www.gremi-obres.org\/wp-content\/uploads\/2020\/05\/P1010428-web.jpg","_links":{"self":[{"href":"https:\/\/www.gremi-obres.org\/es\/wp-json\/wp\/v2\/posts\/25487","targetHints":{"allow":["GET"]}}],"collection":[{"href":"https:\/\/www.gremi-obres.org\/es\/wp-json\/wp\/v2\/posts"}],"about":[{"href":"https:\/\/www.gremi-obres.org\/es\/wp-json\/wp\/v2\/types\/post"}],"author":[{"embeddable":true,"href":"https:\/\/www.gremi-obres.org\/es\/wp-json\/wp\/v2\/users\/1"}],"replies":[{"embeddable":true,"href":"https:\/\/www.gremi-obres.org\/es\/wp-json\/wp\/v2\/comments?post=25487"}],"version-history":[{"count":1,"href":"https:\/\/www.gremi-obres.org\/es\/wp-json\/wp\/v2\/posts\/25487\/revisions"}],"predecessor-version":[{"id":25489,"href":"https:\/\/www.gremi-obres.org\/es\/wp-json\/wp\/v2\/posts\/25487\/revisions\/25489"}],"wp:featuredmedia":[{"embeddable":true,"href":"https:\/\/www.gremi-obres.org\/es\/wp-json\/wp\/v2\/media\/25480"}],"wp:attachment":[{"href":"https:\/\/www.gremi-obres.org\/es\/wp-json\/wp\/v2\/media?parent=25487"}],"wp:term":[{"taxonomy":"category","embeddable":true,"href":"https:\/\/www.gremi-obres.org\/es\/wp-json\/wp\/v2\/categories?post=25487"},{"taxonomy":"post_tag","embeddable":true,"href":"https:\/\/www.gremi-obres.org\/es\/wp-json\/wp\/v2\/tags?post=25487"}],"curies":[{"name":"wp","href":"https:\/\/api.w.org\/{rel}","templated":true}]}}