{"id":25205,"date":"2020-04-16T18:09:31","date_gmt":"2020-04-16T10:09:31","guid":{"rendered":"https:\/\/gremi-obres.org\/?p=25205"},"modified":"2020-04-16T19:08:02","modified_gmt":"2020-04-16T11:08:02","slug":"reunio-de-la-rime-per-videoconferencia-del-passat-14-dabril-sobre-reactivacio-de-lactivitat","status":"publish","type":"post","link":"https:\/\/www.gremi-obres.org\/es\/reunio-de-la-rime-per-videoconferencia-del-passat-14-dabril-sobre-reactivacio-de-lactivitat\/","title":{"rendered":"Reuni\u00f3 de la RiMe per videoconfer\u00e8ncia del passat 14 d\u2019abril, sobre reactivaci\u00f3 de l\u2019activitat"},"content":{"rendered":"<p>Al mat\u00ed del passat 14 d\u2019abril va reunir-se la Comissi\u00f3 RiMe per videoconfer\u00e8ncia, mitjan\u00e7ant l\u2019aplicaci\u00f3 Zoom, per compartir informaci\u00f3, dubtes i respostes arran de les diferents q\u00fcestions relacionades amb l\u2019activitat a les obres i les maneres com les empreses rehabilitadores estan lidiant amb la situaci\u00f3 econ\u00f2mica, laboral i sanit\u00e0ria actual.<\/p>\n<p>La reuni\u00f3 va ser convocada d\u2019urg\u00e8ncia arran l\u2019aprovaci\u00f3 de l\u2019Ordre SND\/340\/2020, de 12 d\u2019abril, amb la qual es suspenen les obres d\u2019intervenci\u00f3 en edificis existents en qu\u00e8 hi hagi risc de contagi pel COVID-19 per a persones no treballadores de l\u2019obra.<\/p>\n<p>Recordem que aquesta nova ordre imposa la suspensi\u00f3 de tota mena d\u2019obra que suposi una intervenci\u00f3 en edificis existents, en els sup\u00f2sits en qu\u00e8 a l\u2019immoble en el que s\u2019hagin d\u2019executar es trobin persones no relacionades amb l\u2019activitat d\u2019execuci\u00f3 de l\u2019obra, i que, a causa de la seva ubicaci\u00f3 permanent o temporal, o necessitats de circulaci\u00f3, i per causa de resid\u00e8ncia, treball o altres, puguin tenir interfer\u00e8ncia amb l\u2019activitat d\u2019execuci\u00f3 de l\u2019obra.<\/p>\n<p>Aquesta nova ordre SND\/340\/2020, de 12 d\u2019abril, ha protagonitzat bona part dels dubtes exposats a la reuni\u00f3. Quin \u00e9s el seu abast? Fins a quin punt es considera que una obra posa en risc o no als habitants? La manca de concreci\u00f3 a l\u2019ordre dificulta les respostes, tot i que s\u2019admet que una obra pot funcionar en dos sup\u00f2sits: si \u00e9s d\u2019emerg\u00e8ncia, o si pot sectoritzar-se completament per tal d\u2019evitar que coincideixin ve\u00efns i treballadors.<\/p>\n<p>En qualsevol cas, tal com s\u2019ha indicat a la reuni\u00f3, per a qualsevol obra en un edifici amb persones no treballadores de l\u2019obra, a m\u00e9s a m\u00e9s de poder-se garantir la total seguretat dels ve\u00efns, cal comptar amb el vist i plau d\u2019arquitecte, coordinador de seguretat i salut i comunitat de propietaris. Sobre aquesta normativa, us recordem que des del Gremi destaquem quatre aspectes molt importants a tenir en compte si repreneu les obres:<\/p>\n<p>1) Cal adoptar les mesures i els protocols necessaris per protegir la salut dels treballadors i reduir el risc de contagis en cada nova situaci\u00f3, amb acord amb la propietat i els coordinadors de seguretat.<\/p>\n<p>2) Cada obra \u00e9s diferent i cada fase del proc\u00e9s constructiu pot exigir mesures espec\u00edfiques.<\/p>\n<p>3) Les mesures adoptades han de ser notificades a tots els treballadors, subcontractistes i intervinents en la cadena de valor amb const\u00e0ncia de la comunicaci\u00f3 i comprovaci\u00f3 de la seva comprensi\u00f3.<\/p>\n<p>4) Les mesures adoptades per prevenir el contagi han de quedar recollides documentalment i acceptades per totes les parts, inclosos els costos que se\u2019n puguin derivar.<\/p>\n<p>Durant la reuni\u00f3, tamb\u00e9 han informat algunes empreses que han tingut incid\u00e8ncies amb la Gu\u00e0rdia Urbana al valorar-ne un agent que les obres suposaven un risc per la salut p\u00fablica.<\/p>\n<p>A banda de q\u00fcestions directament relacionades a la nova ordre, les empreses tamb\u00e9 han pogut compartir com estan manegant la situaci\u00f3 amb les seves plantilles de treballadors. Algunes han fet Ertos als seus treballadors, altres no. En tot cas, unes i altres coincideixen en la incertesa que pateixen, en la voluntat de conciliar les necessitats econ\u00f2miques de l\u2019empresa amb les dels seus treballadors, i en l\u2019esperan\u00e7a de qu\u00e8 la situaci\u00f3 pugui aclarir-se i normalitzar-se en les pr\u00f2ximes setmanes.<\/p>\n<p>Igualment, la sessi\u00f3 tamb\u00e9 ha servit per compartir mesures i dubtes sobre mesures de prevenci\u00f3 laborals a les obres.<br \/>\nAgra\u00efm a les empreses assistents la seva participaci\u00f3.<\/p>\n<h4>APLICACI\u00d3 A BARCELONA DE LA NOVA ORDRE DE SUSPENSI\u00d3 DE LES OBRES. CONCLUSIONS DE LA REUNI\u00d3 DEL GREMI AMB GER\u00c8NCIA DEL CONSORCI DE L\u2019HABITATGE DE BARCELONA<\/h4>\n<p>A m\u00e9s a m\u00e9s, aprofitem aquestes l\u00ednies per informar-vos que posteriorment a la sessi\u00f3, i tenint en compte els dubtes expressats per les empreses davant de la nova Ordre SND\/340\/2020, hem pogut mantenir una reuni\u00f3 per videoconfer\u00e8ncia amb Ger\u00e8ncia del Consorci de l\u2019Habitatge de Barcelona. Durant la trobada se\u2019ns han indicat les seg\u00fcents pautes que l\u2019Ajuntament de Barcelona vol seguir en relaci\u00f3 a les obres contemplades per la nova ordre, \u00e9s a dir, on n\u2019hi hagi risc de contagi per a persones alienes a les obres (habitants o persones circulants):<\/p>\n<p>-Nom\u00e9s es permet l\u2019execuci\u00f3 d\u2019obres que s\u00f3n d\u2019emerg\u00e8ncia, com ara filtracions d\u2019aigua, possibles despreniments, etc.<\/p>\n<p>-Per part de l\u2019Ajuntament de Barcelona s\u2019ha realitzat la interpretaci\u00f3 m\u00e9s restrictiva possible de la SND 340\/2020 de 12 de mar\u00e7. L\u2019Ag\u00e8ncia de Salut P\u00fablica tem perqu\u00e8 la reactivaci\u00f3 de l\u2019activitat porti a un rebrot de la malaltia.<\/p>\n<p>-La policia local segueix ordres traslladades per l\u2019Ajuntament.<\/p>\n<p>Per a qualsevol dubte o comentari, us recordem que estem al servei dels agremiats. Podeu enviar-nos un mail a info@gremi-obres.org o trucant al 932 654 430.<\/p>\n","protected":false},"excerpt":{"rendered":"<p>Al mat\u00ed del passat 14 d\u2019abril va reunir-se la Comissi\u00f3 RiMe per videoconfer\u00e8ncia, mitjan\u00e7ant l\u2019aplicaci\u00f3 Zoom, per compartir informaci\u00f3, dubtes i respostes arran de les diferents q\u00fcestions relacionades amb l\u2019activitat a les obres i les maneres com les empreses rehabilitadores estan lidiant amb la situaci\u00f3 econ\u00f2mica, laboral i sanit\u00e0ria actual. La reuni\u00f3 va ser convocada d\u2019urg\u00e8ncia arran l\u2019aprovaci\u00f3 de l\u2019Ordre SND\/340\/2020, de 12 d\u2019abril, amb la qual es suspenen les obres d\u2019intervenci\u00f3 en edificis existents en qu\u00e8 hi hagi risc de contagi pel COVID-19 per a persones no treballadores de l\u2019obra. Recordem que aquesta nova ordre imposa la suspensi\u00f3 de<\/p>\n","protected":false},"author":1,"featured_media":0,"comment_status":"open","ping_status":"open","sticky":false,"template":"","format":"standard","meta":{"_acf_changed":false,"footnotes":""},"categories":[550,546,547],"tags":[],"class_list":["post-25205","post","type-post","status-publish","format-standard","hentry","category-espai-rehabilitacio-es","category-noticies-es","category-recomanem-es"],"acf":[],"yoast_head":"<!-- This site is optimized with the Yoast SEO plugin v26.6 - https:\/\/yoast.com\/wordpress\/plugins\/seo\/ -->\n<title>Reuni\u00f3 de la RiMe per videoconfer\u00e8ncia del passat 14 d\u2019abril, sobre reactivaci\u00f3 de l\u2019activitat - Gremi de Constructors d&#039;Obres de Barcelona i Comarques<\/title>\n<meta name=\"robots\" content=\"index, follow, max-snippet:-1, max-image-preview:large, max-video-preview:-1\" \/>\n<link rel=\"canonical\" href=\"https:\/\/www.gremi-obres.org\/es\/reunio-de-la-rime-per-videoconferencia-del-passat-14-dabril-sobre-reactivacio-de-lactivitat\/\" \/>\n<meta property=\"og:locale\" content=\"es_ES\" \/>\n<meta property=\"og:type\" content=\"article\" \/>\n<meta property=\"og:title\" content=\"Reuni\u00f3 de la RiMe per videoconfer\u00e8ncia del passat 14 d\u2019abril, sobre reactivaci\u00f3 de l\u2019activitat - Gremi de Constructors d&#039;Obres de Barcelona i Comarques\" \/>\n<meta property=\"og:description\" content=\"Al mat\u00ed del passat 14 d\u2019abril va reunir-se la Comissi\u00f3 RiMe per videoconfer\u00e8ncia, mitjan\u00e7ant l\u2019aplicaci\u00f3 Zoom, per compartir informaci\u00f3, dubtes i respostes arran de les diferents q\u00fcestions relacionades amb l\u2019activitat a les obres i les maneres com les empreses rehabilitadores estan lidiant amb la situaci\u00f3 econ\u00f2mica, laboral i sanit\u00e0ria actual. La reuni\u00f3 va ser convocada d\u2019urg\u00e8ncia arran l\u2019aprovaci\u00f3 de l\u2019Ordre SND\/340\/2020, de 12 d\u2019abril, amb la qual es suspenen les obres d\u2019intervenci\u00f3 en edificis existents en qu\u00e8 hi hagi risc de contagi pel COVID-19 per a persones no treballadores de l\u2019obra. Recordem que aquesta nova ordre imposa la suspensi\u00f3 de\" \/>\n<meta property=\"og:url\" content=\"https:\/\/www.gremi-obres.org\/es\/reunio-de-la-rime-per-videoconferencia-del-passat-14-dabril-sobre-reactivacio-de-lactivitat\/\" \/>\n<meta property=\"og:site_name\" content=\"Gremi de Constructors d&#039;Obres de Barcelona i Comarques\" \/>\n<meta property=\"article:published_time\" content=\"2020-04-16T10:09:31+00:00\" \/>\n<meta property=\"article:modified_time\" content=\"2020-04-16T11:08:02+00:00\" \/>\n<meta name=\"author\" content=\"admin\" \/>\n<meta name=\"twitter:card\" content=\"summary_large_image\" \/>\n<meta name=\"twitter:label1\" content=\"Escrito por\" \/>\n\t<meta name=\"twitter:data1\" content=\"admin\" \/>\n\t<meta name=\"twitter:label2\" content=\"Tiempo de lectura\" \/>\n\t<meta name=\"twitter:data2\" content=\"4 minutos\" \/>\n<script type=\"application\/ld+json\" class=\"yoast-schema-graph\">{\"@context\":\"https:\/\/schema.org\",\"@graph\":[{\"@type\":\"WebPage\",\"@id\":\"https:\/\/www.gremi-obres.org\/es\/reunio-de-la-rime-per-videoconferencia-del-passat-14-dabril-sobre-reactivacio-de-lactivitat\/\",\"url\":\"https:\/\/www.gremi-obres.org\/es\/reunio-de-la-rime-per-videoconferencia-del-passat-14-dabril-sobre-reactivacio-de-lactivitat\/\",\"name\":\"Reuni\u00f3 de la RiMe per videoconfer\u00e8ncia del passat 14 d\u2019abril, sobre reactivaci\u00f3 de l\u2019activitat - Gremi de Constructors d&#039;Obres de Barcelona i Comarques\",\"isPartOf\":{\"@id\":\"https:\/\/www.gremi-obres.org\/#website\"},\"datePublished\":\"2020-04-16T10:09:31+00:00\",\"dateModified\":\"2020-04-16T11:08:02+00:00\",\"author\":{\"@id\":\"https:\/\/www.gremi-obres.org\/#\/schema\/person\/0899d1bf9c0590005d47809f9315d840\"},\"breadcrumb\":{\"@id\":\"https:\/\/www.gremi-obres.org\/es\/reunio-de-la-rime-per-videoconferencia-del-passat-14-dabril-sobre-reactivacio-de-lactivitat\/#breadcrumb\"},\"inLanguage\":\"es\",\"potentialAction\":[{\"@type\":\"ReadAction\",\"target\":[\"https:\/\/www.gremi-obres.org\/es\/reunio-de-la-rime-per-videoconferencia-del-passat-14-dabril-sobre-reactivacio-de-lactivitat\/\"]}]},{\"@type\":\"BreadcrumbList\",\"@id\":\"https:\/\/www.gremi-obres.org\/es\/reunio-de-la-rime-per-videoconferencia-del-passat-14-dabril-sobre-reactivacio-de-lactivitat\/#breadcrumb\",\"itemListElement\":[{\"@type\":\"ListItem\",\"position\":1,\"name\":\"Inici\",\"item\":\"https:\/\/www.gremi-obres.org\/es\/\"},{\"@type\":\"ListItem\",\"position\":2,\"name\":\"Reuni\u00f3 de la RiMe per videoconfer\u00e8ncia del passat 14 d\u2019abril, sobre reactivaci\u00f3 de l\u2019activitat\"}]},{\"@type\":\"WebSite\",\"@id\":\"https:\/\/www.gremi-obres.org\/#website\",\"url\":\"https:\/\/www.gremi-obres.org\/\",\"name\":\"Gremi de Constructors d&#039;Obres de Barcelona i Comarques\",\"description\":\"La missi\u00f3 del Gremi \u00e9s la de defensar els  interessos de les empreses constructores i rehabilitadores agremiades i recolzar-les en les necessitats de la seva activitat mitjan\u00e7ant serveis, recursos, formaci\u00f3, assessorament i informaci\u00f3\",\"potentialAction\":[{\"@type\":\"SearchAction\",\"target\":{\"@type\":\"EntryPoint\",\"urlTemplate\":\"https:\/\/www.gremi-obres.org\/?s={search_term_string}\"},\"query-input\":{\"@type\":\"PropertyValueSpecification\",\"valueRequired\":true,\"valueName\":\"search_term_string\"}}],\"inLanguage\":\"es\"},{\"@type\":\"Person\",\"@id\":\"https:\/\/www.gremi-obres.org\/#\/schema\/person\/0899d1bf9c0590005d47809f9315d840\",\"name\":\"admin\",\"image\":{\"@type\":\"ImageObject\",\"inLanguage\":\"es\",\"@id\":\"https:\/\/www.gremi-obres.org\/#\/schema\/person\/image\/\",\"url\":\"https:\/\/secure.gravatar.com\/avatar\/01f1708c07ad1e96486b333b447c55a6639abb2e7fe8911639cdafa4ee687367?s=96&d=mm&r=g\",\"contentUrl\":\"https:\/\/secure.gravatar.com\/avatar\/01f1708c07ad1e96486b333b447c55a6639abb2e7fe8911639cdafa4ee687367?s=96&d=mm&r=g\",\"caption\":\"admin\"},\"url\":\"https:\/\/www.gremi-obres.org\/es\/author\/admin\/\"}]}<\/script>\n<!-- \/ Yoast SEO plugin. -->","yoast_head_json":{"title":"Reuni\u00f3 de la RiMe per videoconfer\u00e8ncia del passat 14 d\u2019abril, sobre reactivaci\u00f3 de l\u2019activitat - Gremi de Constructors d&#039;Obres de Barcelona i Comarques","robots":{"index":"index","follow":"follow","max-snippet":"max-snippet:-1","max-image-preview":"max-image-preview:large","max-video-preview":"max-video-preview:-1"},"canonical":"https:\/\/www.gremi-obres.org\/es\/reunio-de-la-rime-per-videoconferencia-del-passat-14-dabril-sobre-reactivacio-de-lactivitat\/","og_locale":"es_ES","og_type":"article","og_title":"Reuni\u00f3 de la RiMe per videoconfer\u00e8ncia del passat 14 d\u2019abril, sobre reactivaci\u00f3 de l\u2019activitat - Gremi de Constructors d&#039;Obres de Barcelona i Comarques","og_description":"Al mat\u00ed del passat 14 d\u2019abril va reunir-se la Comissi\u00f3 RiMe per videoconfer\u00e8ncia, mitjan\u00e7ant l\u2019aplicaci\u00f3 Zoom, per compartir informaci\u00f3, dubtes i respostes arran de les diferents q\u00fcestions relacionades amb l\u2019activitat a les obres i les maneres com les empreses rehabilitadores estan lidiant amb la situaci\u00f3 econ\u00f2mica, laboral i sanit\u00e0ria actual. La reuni\u00f3 va ser convocada d\u2019urg\u00e8ncia arran l\u2019aprovaci\u00f3 de l\u2019Ordre SND\/340\/2020, de 12 d\u2019abril, amb la qual es suspenen les obres d\u2019intervenci\u00f3 en edificis existents en qu\u00e8 hi hagi risc de contagi pel COVID-19 per a persones no treballadores de l\u2019obra. Recordem que aquesta nova ordre imposa la suspensi\u00f3 de","og_url":"https:\/\/www.gremi-obres.org\/es\/reunio-de-la-rime-per-videoconferencia-del-passat-14-dabril-sobre-reactivacio-de-lactivitat\/","og_site_name":"Gremi de Constructors d&#039;Obres de Barcelona i Comarques","article_published_time":"2020-04-16T10:09:31+00:00","article_modified_time":"2020-04-16T11:08:02+00:00","author":"admin","twitter_card":"summary_large_image","twitter_misc":{"Escrito por":"admin","Tiempo de lectura":"4 minutos"},"schema":{"@context":"https:\/\/schema.org","@graph":[{"@type":"WebPage","@id":"https:\/\/www.gremi-obres.org\/es\/reunio-de-la-rime-per-videoconferencia-del-passat-14-dabril-sobre-reactivacio-de-lactivitat\/","url":"https:\/\/www.gremi-obres.org\/es\/reunio-de-la-rime-per-videoconferencia-del-passat-14-dabril-sobre-reactivacio-de-lactivitat\/","name":"Reuni\u00f3 de la RiMe per videoconfer\u00e8ncia del passat 14 d\u2019abril, sobre reactivaci\u00f3 de l\u2019activitat - Gremi de Constructors d&#039;Obres de Barcelona i Comarques","isPartOf":{"@id":"https:\/\/www.gremi-obres.org\/#website"},"datePublished":"2020-04-16T10:09:31+00:00","dateModified":"2020-04-16T11:08:02+00:00","author":{"@id":"https:\/\/www.gremi-obres.org\/#\/schema\/person\/0899d1bf9c0590005d47809f9315d840"},"breadcrumb":{"@id":"https:\/\/www.gremi-obres.org\/es\/reunio-de-la-rime-per-videoconferencia-del-passat-14-dabril-sobre-reactivacio-de-lactivitat\/#breadcrumb"},"inLanguage":"es","potentialAction":[{"@type":"ReadAction","target":["https:\/\/www.gremi-obres.org\/es\/reunio-de-la-rime-per-videoconferencia-del-passat-14-dabril-sobre-reactivacio-de-lactivitat\/"]}]},{"@type":"BreadcrumbList","@id":"https:\/\/www.gremi-obres.org\/es\/reunio-de-la-rime-per-videoconferencia-del-passat-14-dabril-sobre-reactivacio-de-lactivitat\/#breadcrumb","itemListElement":[{"@type":"ListItem","position":1,"name":"Inici","item":"https:\/\/www.gremi-obres.org\/es\/"},{"@type":"ListItem","position":2,"name":"Reuni\u00f3 de la RiMe per videoconfer\u00e8ncia del passat 14 d\u2019abril, sobre reactivaci\u00f3 de l\u2019activitat"}]},{"@type":"WebSite","@id":"https:\/\/www.gremi-obres.org\/#website","url":"https:\/\/www.gremi-obres.org\/","name":"Gremi de Constructors d&#039;Obres de Barcelona i Comarques","description":"La missi\u00f3 del Gremi \u00e9s la de defensar els  interessos de les empreses constructores i rehabilitadores agremiades i recolzar-les en les necessitats de la seva activitat mitjan\u00e7ant serveis, recursos, formaci\u00f3, assessorament i informaci\u00f3","potentialAction":[{"@type":"SearchAction","target":{"@type":"EntryPoint","urlTemplate":"https:\/\/www.gremi-obres.org\/?s={search_term_string}"},"query-input":{"@type":"PropertyValueSpecification","valueRequired":true,"valueName":"search_term_string"}}],"inLanguage":"es"},{"@type":"Person","@id":"https:\/\/www.gremi-obres.org\/#\/schema\/person\/0899d1bf9c0590005d47809f9315d840","name":"admin","image":{"@type":"ImageObject","inLanguage":"es","@id":"https:\/\/www.gremi-obres.org\/#\/schema\/person\/image\/","url":"https:\/\/secure.gravatar.com\/avatar\/01f1708c07ad1e96486b333b447c55a6639abb2e7fe8911639cdafa4ee687367?s=96&d=mm&r=g","contentUrl":"https:\/\/secure.gravatar.com\/avatar\/01f1708c07ad1e96486b333b447c55a6639abb2e7fe8911639cdafa4ee687367?s=96&d=mm&r=g","caption":"admin"},"url":"https:\/\/www.gremi-obres.org\/es\/author\/admin\/"}]}},"jetpack_featured_media_url":"","_links":{"self":[{"href":"https:\/\/www.gremi-obres.org\/es\/wp-json\/wp\/v2\/posts\/25205","targetHints":{"allow":["GET"]}}],"collection":[{"href":"https:\/\/www.gremi-obres.org\/es\/wp-json\/wp\/v2\/posts"}],"about":[{"href":"https:\/\/www.gremi-obres.org\/es\/wp-json\/wp\/v2\/types\/post"}],"author":[{"embeddable":true,"href":"https:\/\/www.gremi-obres.org\/es\/wp-json\/wp\/v2\/users\/1"}],"replies":[{"embeddable":true,"href":"https:\/\/www.gremi-obres.org\/es\/wp-json\/wp\/v2\/comments?post=25205"}],"version-history":[{"count":3,"href":"https:\/\/www.gremi-obres.org\/es\/wp-json\/wp\/v2\/posts\/25205\/revisions"}],"predecessor-version":[{"id":25209,"href":"https:\/\/www.gremi-obres.org\/es\/wp-json\/wp\/v2\/posts\/25205\/revisions\/25209"}],"wp:attachment":[{"href":"https:\/\/www.gremi-obres.org\/es\/wp-json\/wp\/v2\/media?parent=25205"}],"wp:term":[{"taxonomy":"category","embeddable":true,"href":"https:\/\/www.gremi-obres.org\/es\/wp-json\/wp\/v2\/categories?post=25205"},{"taxonomy":"post_tag","embeddable":true,"href":"https:\/\/www.gremi-obres.org\/es\/wp-json\/wp\/v2\/tags?post=25205"}],"curies":[{"name":"wp","href":"https:\/\/api.w.org\/{rel}","templated":true}]}}