{"id":25144,"date":"2020-03-11T16:18:21","date_gmt":"2020-03-11T08:18:21","guid":{"rendered":"https:\/\/gremi-obres.org\/?p=25144"},"modified":"2020-04-08T16:20:24","modified_gmt":"2020-04-08T08:20:24","slug":"entregues-de-primers-certificats-recons-que-acredita-la-gestio-responsable-amb-el-mediambient-dels-residus-de-les-obres-2","status":"publish","type":"post","link":"https:\/\/www.gremi-obres.org\/es\/entregues-de-primers-certificats-recons-que-acredita-la-gestio-responsable-amb-el-mediambient-dels-residus-de-les-obres-2\/","title":{"rendered":"Entregues de primers certificats RECONS, que acredita la gesti\u00f3 responsable amb el mediambient dels residus de les obres"},"content":{"rendered":"<div class=\"tweet-body js-tweet-body\">\n<p class=\"js-tweet-text tweet-text with-linebreaks \" lang=\"ca\">El passat dijous 5 de mar\u00e7 va fer-se entrega dels primers certificats Recons a les empreses constructores que han acreditat la gesti\u00f3 responsable amb el mediambient dels residus de les seves obres.<\/p>\n<\/div>\n<p lang=\"ca\">Les primeres empreses en rebre el certificat Recons han estat:<\/p>\n<p lang=\"ca\"><strong>ALT\u00c9S REHABILITACIONS, S.L.<\/strong><\/p>\n<p lang=\"ca\"><strong>DOVER 97, S.L.<\/strong><\/p>\n<p><strong>CONTRACTA, OBRES I TECNOL. DE LA REHABILITACI\u00d3, S.L.<\/strong><\/p>\n<p><strong>\u00a0MON VERTICAL, S.L.U.<\/strong><\/p>\n<p><strong>\u00a0OBRA LLAR 2000, S.L.<\/strong><\/p>\n<p><strong>T\u00c9CNICAS DE REHABILITACI\u00d3N Y CONSTRUCCI\u00d3N, S.L.<\/strong><\/p>\n<p>RECONS \u00e9s una acreditaci\u00f3 p\u00fablica i volunt\u00e0ria per empreses del sector de la construcci\u00f3, reforma, manteniment i rehabilitaci\u00f3 d\u2019habitatges a Catalunya, que siguin respectuoses amb el medi ambient i per tant, assumeixen responsabilitats en la sostenibilitat i la gesti\u00f3 ambiental de manera activa.\u00a0 L\u2019evid\u00e8ncia de qu\u00e8 els recursos s\u00f3n finits al nostre planeta fa que les empreses siguin conscients i responsables en la implantaci\u00f3 d\u2019un sistema de gesti\u00f3 ambiental segons les seves possibilitats i entorn. RECONS \u00e9s a l\u2019igual que l\u2019acreditaci\u00f3 CONSTA, una iniciativa de la Fundaci\u00f3 Privada per l\u2019Ordenaci\u00f3 del Sector de la Construcci\u00f3 a Catalunya, instituci\u00f3 sense afany de lucre promoguda pel Gremi de Constructors d\u2019Obres de Barcelona i Comarques (GCOBC) i la Cambra oficial de Contractistes d\u2019Obres de Catalunya (CCOC); i est\u00e0 gestionat per un \u00f2rgan de certificaci\u00f3 externa,<\/p>\n<h3><strong>QUIN OBJECTIU T\u00c9?<\/strong><\/h3>\n<p>La sostenibilitat \u00e9s un concepte que ens alerta sobre les conseq\u00fc\u00e8ncies mediambientals negatives del desenvolupament econ\u00f2mic i la globalitzaci\u00f3, procurant oferir solucions als problemes derivats de la industrialitzaci\u00f3 i el creixement poblacional.\u00a0 Les empreses sostenibles en s\u00f3n conscients i procuren implantar un sistema de gesti\u00f3 ambiental (SGA) adaptat a la seva realitat. RECONS, suposa un primer estadi en aquest proc\u00e9s per la correcta gesti\u00f3 dels residus.<\/p>\n<hr \/>\n<h3><em>Properament donarem informaci\u00f3 m\u00e9s detallada sobre el certificat Recons<\/em><\/h3>\n<hr \/>\n<h3><\/h3>\n","protected":false},"excerpt":{"rendered":"<p>El passat dijous 5 de mar\u00e7 va fer-se entrega dels primers certificats Recons a les empreses constructores que han acreditat la gesti\u00f3 responsable amb el mediambient dels residus de les seves obres. Les primeres empreses en rebre el certificat Recons han estat: ALT\u00c9S REHABILITACIONS, S.L. DOVER 97, S.L. CONTRACTA, OBRES I TECNOL. DE LA REHABILITACI\u00d3, S.L. \u00a0MON VERTICAL, S.L.U. \u00a0OBRA LLAR 2000, S.L. T\u00c9CNICAS DE REHABILITACI\u00d3N Y CONSTRUCCI\u00d3N, S.L. RECONS \u00e9s una acreditaci\u00f3 p\u00fablica i volunt\u00e0ria per empreses del sector de la construcci\u00f3, reforma, manteniment i rehabilitaci\u00f3 d\u2019habitatges a Catalunya, que siguin respectuoses amb el medi ambient i per tant,<\/p>\n","protected":false},"author":1,"featured_media":24763,"comment_status":"open","ping_status":"open","sticky":false,"template":"","format":"standard","meta":{"_acf_changed":false,"footnotes":""},"categories":[546,547],"tags":[],"class_list":["post-25144","post","type-post","status-publish","format-standard","has-post-thumbnail","hentry","category-noticies-es","category-recomanem-es"],"acf":[],"yoast_head":"<!-- This site is optimized with the Yoast SEO plugin v26.6 - https:\/\/yoast.com\/wordpress\/plugins\/seo\/ -->\n<title>Entregues de primers certificats RECONS, que acredita la gesti\u00f3 responsable amb el mediambient dels residus de les obres - Gremi de Constructors d&#039;Obres de Barcelona i Comarques<\/title>\n<meta name=\"robots\" content=\"index, follow, max-snippet:-1, max-image-preview:large, max-video-preview:-1\" \/>\n<link rel=\"canonical\" href=\"https:\/\/www.gremi-obres.org\/es\/entregues-de-primers-certificats-recons-que-acredita-la-gestio-responsable-amb-el-mediambient-dels-residus-de-les-obres-2\/\" \/>\n<meta property=\"og:locale\" content=\"es_ES\" \/>\n<meta property=\"og:type\" content=\"article\" \/>\n<meta property=\"og:title\" content=\"Entregues de primers certificats RECONS, que acredita la gesti\u00f3 responsable amb el mediambient dels residus de les obres - Gremi de Constructors d&#039;Obres de Barcelona i Comarques\" \/>\n<meta property=\"og:description\" content=\"El passat dijous 5 de mar\u00e7 va fer-se entrega dels primers certificats Recons a les empreses constructores que han acreditat la gesti\u00f3 responsable amb el mediambient dels residus de les seves obres. Les primeres empreses en rebre el certificat Recons han estat: ALT\u00c9S REHABILITACIONS, S.L. DOVER 97, S.L. CONTRACTA, OBRES I TECNOL. DE LA REHABILITACI\u00d3, S.L. \u00a0MON VERTICAL, S.L.U. \u00a0OBRA LLAR 2000, S.L. T\u00c9CNICAS DE REHABILITACI\u00d3N Y CONSTRUCCI\u00d3N, S.L. RECONS \u00e9s una acreditaci\u00f3 p\u00fablica i volunt\u00e0ria per empreses del sector de la construcci\u00f3, reforma, manteniment i rehabilitaci\u00f3 d\u2019habitatges a Catalunya, que siguin respectuoses amb el medi ambient i per tant,\" \/>\n<meta property=\"og:url\" content=\"https:\/\/www.gremi-obres.org\/es\/entregues-de-primers-certificats-recons-que-acredita-la-gestio-responsable-amb-el-mediambient-dels-residus-de-les-obres-2\/\" \/>\n<meta property=\"og:site_name\" content=\"Gremi de Constructors d&#039;Obres de Barcelona i Comarques\" \/>\n<meta property=\"article:published_time\" content=\"2020-03-11T08:18:21+00:00\" \/>\n<meta property=\"article:modified_time\" content=\"2020-04-08T08:20:24+00:00\" \/>\n<meta property=\"og:image\" content=\"https:\/\/www.gremi-obres.org\/wp-content\/uploads\/2020\/03\/blog-foto-recons-certificat.jpg\" \/>\n\t<meta property=\"og:image:width\" content=\"1024\" \/>\n\t<meta property=\"og:image:height\" content=\"528\" \/>\n\t<meta property=\"og:image:type\" content=\"image\/jpeg\" \/>\n<meta name=\"author\" content=\"admin\" \/>\n<meta name=\"twitter:card\" content=\"summary_large_image\" \/>\n<meta name=\"twitter:label1\" content=\"Escrito por\" \/>\n\t<meta name=\"twitter:data1\" content=\"admin\" \/>\n\t<meta name=\"twitter:label2\" content=\"Tiempo de lectura\" \/>\n\t<meta name=\"twitter:data2\" content=\"2 minutos\" \/>\n<script type=\"application\/ld+json\" class=\"yoast-schema-graph\">{\"@context\":\"https:\/\/schema.org\",\"@graph\":[{\"@type\":\"WebPage\",\"@id\":\"https:\/\/www.gremi-obres.org\/es\/entregues-de-primers-certificats-recons-que-acredita-la-gestio-responsable-amb-el-mediambient-dels-residus-de-les-obres-2\/\",\"url\":\"https:\/\/www.gremi-obres.org\/es\/entregues-de-primers-certificats-recons-que-acredita-la-gestio-responsable-amb-el-mediambient-dels-residus-de-les-obres-2\/\",\"name\":\"Entregues de primers certificats RECONS, que acredita la gesti\u00f3 responsable amb el mediambient dels residus de les obres - Gremi de Constructors d&#039;Obres de Barcelona i Comarques\",\"isPartOf\":{\"@id\":\"https:\/\/www.gremi-obres.org\/#website\"},\"primaryImageOfPage\":{\"@id\":\"https:\/\/www.gremi-obres.org\/es\/entregues-de-primers-certificats-recons-que-acredita-la-gestio-responsable-amb-el-mediambient-dels-residus-de-les-obres-2\/#primaryimage\"},\"image\":{\"@id\":\"https:\/\/www.gremi-obres.org\/es\/entregues-de-primers-certificats-recons-que-acredita-la-gestio-responsable-amb-el-mediambient-dels-residus-de-les-obres-2\/#primaryimage\"},\"thumbnailUrl\":\"https:\/\/www.gremi-obres.org\/wp-content\/uploads\/2020\/03\/blog-foto-recons-certificat.jpg\",\"datePublished\":\"2020-03-11T08:18:21+00:00\",\"dateModified\":\"2020-04-08T08:20:24+00:00\",\"author\":{\"@id\":\"https:\/\/www.gremi-obres.org\/#\/schema\/person\/0899d1bf9c0590005d47809f9315d840\"},\"breadcrumb\":{\"@id\":\"https:\/\/www.gremi-obres.org\/es\/entregues-de-primers-certificats-recons-que-acredita-la-gestio-responsable-amb-el-mediambient-dels-residus-de-les-obres-2\/#breadcrumb\"},\"inLanguage\":\"es\",\"potentialAction\":[{\"@type\":\"ReadAction\",\"target\":[\"https:\/\/www.gremi-obres.org\/es\/entregues-de-primers-certificats-recons-que-acredita-la-gestio-responsable-amb-el-mediambient-dels-residus-de-les-obres-2\/\"]}]},{\"@type\":\"ImageObject\",\"inLanguage\":\"es\",\"@id\":\"https:\/\/www.gremi-obres.org\/es\/entregues-de-primers-certificats-recons-que-acredita-la-gestio-responsable-amb-el-mediambient-dels-residus-de-les-obres-2\/#primaryimage\",\"url\":\"https:\/\/www.gremi-obres.org\/wp-content\/uploads\/2020\/03\/blog-foto-recons-certificat.jpg\",\"contentUrl\":\"https:\/\/www.gremi-obres.org\/wp-content\/uploads\/2020\/03\/blog-foto-recons-certificat.jpg\",\"width\":1024,\"height\":528},{\"@type\":\"BreadcrumbList\",\"@id\":\"https:\/\/www.gremi-obres.org\/es\/entregues-de-primers-certificats-recons-que-acredita-la-gestio-responsable-amb-el-mediambient-dels-residus-de-les-obres-2\/#breadcrumb\",\"itemListElement\":[{\"@type\":\"ListItem\",\"position\":1,\"name\":\"Inici\",\"item\":\"https:\/\/www.gremi-obres.org\/es\/\"},{\"@type\":\"ListItem\",\"position\":2,\"name\":\"Entregues de primers certificats RECONS, que acredita la gesti\u00f3 responsable amb el mediambient dels residus de les obres\"}]},{\"@type\":\"WebSite\",\"@id\":\"https:\/\/www.gremi-obres.org\/#website\",\"url\":\"https:\/\/www.gremi-obres.org\/\",\"name\":\"Gremi de Constructors d&#039;Obres de Barcelona i Comarques\",\"description\":\"La missi\u00f3 del Gremi \u00e9s la de defensar els  interessos de les empreses constructores i rehabilitadores agremiades i recolzar-les en les necessitats de la seva activitat mitjan\u00e7ant serveis, recursos, formaci\u00f3, assessorament i informaci\u00f3\",\"potentialAction\":[{\"@type\":\"SearchAction\",\"target\":{\"@type\":\"EntryPoint\",\"urlTemplate\":\"https:\/\/www.gremi-obres.org\/?s={search_term_string}\"},\"query-input\":{\"@type\":\"PropertyValueSpecification\",\"valueRequired\":true,\"valueName\":\"search_term_string\"}}],\"inLanguage\":\"es\"},{\"@type\":\"Person\",\"@id\":\"https:\/\/www.gremi-obres.org\/#\/schema\/person\/0899d1bf9c0590005d47809f9315d840\",\"name\":\"admin\",\"image\":{\"@type\":\"ImageObject\",\"inLanguage\":\"es\",\"@id\":\"https:\/\/www.gremi-obres.org\/#\/schema\/person\/image\/\",\"url\":\"https:\/\/secure.gravatar.com\/avatar\/01f1708c07ad1e96486b333b447c55a6639abb2e7fe8911639cdafa4ee687367?s=96&d=mm&r=g\",\"contentUrl\":\"https:\/\/secure.gravatar.com\/avatar\/01f1708c07ad1e96486b333b447c55a6639abb2e7fe8911639cdafa4ee687367?s=96&d=mm&r=g\",\"caption\":\"admin\"},\"url\":\"https:\/\/www.gremi-obres.org\/es\/author\/admin\/\"}]}<\/script>\n<!-- \/ Yoast SEO plugin. -->","yoast_head_json":{"title":"Entregues de primers certificats RECONS, que acredita la gesti\u00f3 responsable amb el mediambient dels residus de les obres - Gremi de Constructors d&#039;Obres de Barcelona i Comarques","robots":{"index":"index","follow":"follow","max-snippet":"max-snippet:-1","max-image-preview":"max-image-preview:large","max-video-preview":"max-video-preview:-1"},"canonical":"https:\/\/www.gremi-obres.org\/es\/entregues-de-primers-certificats-recons-que-acredita-la-gestio-responsable-amb-el-mediambient-dels-residus-de-les-obres-2\/","og_locale":"es_ES","og_type":"article","og_title":"Entregues de primers certificats RECONS, que acredita la gesti\u00f3 responsable amb el mediambient dels residus de les obres - Gremi de Constructors d&#039;Obres de Barcelona i Comarques","og_description":"El passat dijous 5 de mar\u00e7 va fer-se entrega dels primers certificats Recons a les empreses constructores que han acreditat la gesti\u00f3 responsable amb el mediambient dels residus de les seves obres. Les primeres empreses en rebre el certificat Recons han estat: ALT\u00c9S REHABILITACIONS, S.L. DOVER 97, S.L. CONTRACTA, OBRES I TECNOL. DE LA REHABILITACI\u00d3, S.L. \u00a0MON VERTICAL, S.L.U. \u00a0OBRA LLAR 2000, S.L. T\u00c9CNICAS DE REHABILITACI\u00d3N Y CONSTRUCCI\u00d3N, S.L. RECONS \u00e9s una acreditaci\u00f3 p\u00fablica i volunt\u00e0ria per empreses del sector de la construcci\u00f3, reforma, manteniment i rehabilitaci\u00f3 d\u2019habitatges a Catalunya, que siguin respectuoses amb el medi ambient i per tant,","og_url":"https:\/\/www.gremi-obres.org\/es\/entregues-de-primers-certificats-recons-que-acredita-la-gestio-responsable-amb-el-mediambient-dels-residus-de-les-obres-2\/","og_site_name":"Gremi de Constructors d&#039;Obres de Barcelona i Comarques","article_published_time":"2020-03-11T08:18:21+00:00","article_modified_time":"2020-04-08T08:20:24+00:00","og_image":[{"width":1024,"height":528,"url":"https:\/\/www.gremi-obres.org\/wp-content\/uploads\/2020\/03\/blog-foto-recons-certificat.jpg","type":"image\/jpeg"}],"author":"admin","twitter_card":"summary_large_image","twitter_misc":{"Escrito por":"admin","Tiempo de lectura":"2 minutos"},"schema":{"@context":"https:\/\/schema.org","@graph":[{"@type":"WebPage","@id":"https:\/\/www.gremi-obres.org\/es\/entregues-de-primers-certificats-recons-que-acredita-la-gestio-responsable-amb-el-mediambient-dels-residus-de-les-obres-2\/","url":"https:\/\/www.gremi-obres.org\/es\/entregues-de-primers-certificats-recons-que-acredita-la-gestio-responsable-amb-el-mediambient-dels-residus-de-les-obres-2\/","name":"Entregues de primers certificats RECONS, que acredita la gesti\u00f3 responsable amb el mediambient dels residus de les obres - Gremi de Constructors d&#039;Obres de Barcelona i Comarques","isPartOf":{"@id":"https:\/\/www.gremi-obres.org\/#website"},"primaryImageOfPage":{"@id":"https:\/\/www.gremi-obres.org\/es\/entregues-de-primers-certificats-recons-que-acredita-la-gestio-responsable-amb-el-mediambient-dels-residus-de-les-obres-2\/#primaryimage"},"image":{"@id":"https:\/\/www.gremi-obres.org\/es\/entregues-de-primers-certificats-recons-que-acredita-la-gestio-responsable-amb-el-mediambient-dels-residus-de-les-obres-2\/#primaryimage"},"thumbnailUrl":"https:\/\/www.gremi-obres.org\/wp-content\/uploads\/2020\/03\/blog-foto-recons-certificat.jpg","datePublished":"2020-03-11T08:18:21+00:00","dateModified":"2020-04-08T08:20:24+00:00","author":{"@id":"https:\/\/www.gremi-obres.org\/#\/schema\/person\/0899d1bf9c0590005d47809f9315d840"},"breadcrumb":{"@id":"https:\/\/www.gremi-obres.org\/es\/entregues-de-primers-certificats-recons-que-acredita-la-gestio-responsable-amb-el-mediambient-dels-residus-de-les-obres-2\/#breadcrumb"},"inLanguage":"es","potentialAction":[{"@type":"ReadAction","target":["https:\/\/www.gremi-obres.org\/es\/entregues-de-primers-certificats-recons-que-acredita-la-gestio-responsable-amb-el-mediambient-dels-residus-de-les-obres-2\/"]}]},{"@type":"ImageObject","inLanguage":"es","@id":"https:\/\/www.gremi-obres.org\/es\/entregues-de-primers-certificats-recons-que-acredita-la-gestio-responsable-amb-el-mediambient-dels-residus-de-les-obres-2\/#primaryimage","url":"https:\/\/www.gremi-obres.org\/wp-content\/uploads\/2020\/03\/blog-foto-recons-certificat.jpg","contentUrl":"https:\/\/www.gremi-obres.org\/wp-content\/uploads\/2020\/03\/blog-foto-recons-certificat.jpg","width":1024,"height":528},{"@type":"BreadcrumbList","@id":"https:\/\/www.gremi-obres.org\/es\/entregues-de-primers-certificats-recons-que-acredita-la-gestio-responsable-amb-el-mediambient-dels-residus-de-les-obres-2\/#breadcrumb","itemListElement":[{"@type":"ListItem","position":1,"name":"Inici","item":"https:\/\/www.gremi-obres.org\/es\/"},{"@type":"ListItem","position":2,"name":"Entregues de primers certificats RECONS, que acredita la gesti\u00f3 responsable amb el mediambient dels residus de les obres"}]},{"@type":"WebSite","@id":"https:\/\/www.gremi-obres.org\/#website","url":"https:\/\/www.gremi-obres.org\/","name":"Gremi de Constructors d&#039;Obres de Barcelona i Comarques","description":"La missi\u00f3 del Gremi \u00e9s la de defensar els  interessos de les empreses constructores i rehabilitadores agremiades i recolzar-les en les necessitats de la seva activitat mitjan\u00e7ant serveis, recursos, formaci\u00f3, assessorament i informaci\u00f3","potentialAction":[{"@type":"SearchAction","target":{"@type":"EntryPoint","urlTemplate":"https:\/\/www.gremi-obres.org\/?s={search_term_string}"},"query-input":{"@type":"PropertyValueSpecification","valueRequired":true,"valueName":"search_term_string"}}],"inLanguage":"es"},{"@type":"Person","@id":"https:\/\/www.gremi-obres.org\/#\/schema\/person\/0899d1bf9c0590005d47809f9315d840","name":"admin","image":{"@type":"ImageObject","inLanguage":"es","@id":"https:\/\/www.gremi-obres.org\/#\/schema\/person\/image\/","url":"https:\/\/secure.gravatar.com\/avatar\/01f1708c07ad1e96486b333b447c55a6639abb2e7fe8911639cdafa4ee687367?s=96&d=mm&r=g","contentUrl":"https:\/\/secure.gravatar.com\/avatar\/01f1708c07ad1e96486b333b447c55a6639abb2e7fe8911639cdafa4ee687367?s=96&d=mm&r=g","caption":"admin"},"url":"https:\/\/www.gremi-obres.org\/es\/author\/admin\/"}]}},"jetpack_featured_media_url":"https:\/\/www.gremi-obres.org\/wp-content\/uploads\/2020\/03\/blog-foto-recons-certificat.jpg","_links":{"self":[{"href":"https:\/\/www.gremi-obres.org\/es\/wp-json\/wp\/v2\/posts\/25144","targetHints":{"allow":["GET"]}}],"collection":[{"href":"https:\/\/www.gremi-obres.org\/es\/wp-json\/wp\/v2\/posts"}],"about":[{"href":"https:\/\/www.gremi-obres.org\/es\/wp-json\/wp\/v2\/types\/post"}],"author":[{"embeddable":true,"href":"https:\/\/www.gremi-obres.org\/es\/wp-json\/wp\/v2\/users\/1"}],"replies":[{"embeddable":true,"href":"https:\/\/www.gremi-obres.org\/es\/wp-json\/wp\/v2\/comments?post=25144"}],"version-history":[{"count":1,"href":"https:\/\/www.gremi-obres.org\/es\/wp-json\/wp\/v2\/posts\/25144\/revisions"}],"predecessor-version":[{"id":25146,"href":"https:\/\/www.gremi-obres.org\/es\/wp-json\/wp\/v2\/posts\/25144\/revisions\/25146"}],"wp:featuredmedia":[{"embeddable":true,"href":"https:\/\/www.gremi-obres.org\/es\/wp-json\/wp\/v2\/media\/24763"}],"wp:attachment":[{"href":"https:\/\/www.gremi-obres.org\/es\/wp-json\/wp\/v2\/media?parent=25144"}],"wp:term":[{"taxonomy":"category","embeddable":true,"href":"https:\/\/www.gremi-obres.org\/es\/wp-json\/wp\/v2\/categories?post=25144"},{"taxonomy":"post_tag","embeddable":true,"href":"https:\/\/www.gremi-obres.org\/es\/wp-json\/wp\/v2\/tags?post=25144"}],"curies":[{"name":"wp","href":"https:\/\/api.w.org\/{rel}","templated":true}]}}