{"id":24048,"date":"2019-10-14T15:46:30","date_gmt":"2019-10-14T07:46:30","guid":{"rendered":"https:\/\/gremi-obres.org\/de-que-vam-parlar-a-la-rime-del-10-doctubre\/"},"modified":"2019-10-14T15:46:30","modified_gmt":"2019-10-14T07:46:30","slug":"de-que-vam-parlar-a-la-rime-del-10-doctubre","status":"publish","type":"post","link":"https:\/\/www.gremi-obres.org\/es\/de-que-vam-parlar-a-la-rime-del-10-doctubre\/","title":{"rendered":"De qu\u00e8 vam parlar a la RiMe del 10 d\u2019octubre?"},"content":{"rendered":"<p>La salut als edificis fou el tema central de la darrera Comissi\u00f3 RiMe, celebrada a la seu del Gremi al mat\u00ed del passat dijous 10 d\u2019octubre.<\/p>\n<p>La sessi\u00f3, moderada per Josep A. Mart\u00ednez, president de la RiMe i vicepresident del Gremi, va ser patrocinada per l\u2019empresa Predecat \u2013podeu trobar informaci\u00f3 sobre els seus prefabricats decoratius de formig\u00f3 <a href=\"http:\/\/www.predecat.com\/es\/\">a la seva web<\/a>-, i va comptar amb pon\u00e8ncies d\u2019Eul\u00e0lia Figuerola, arquitecta i delegada del\u00a0Green Building Council; i de Sonia Hern\u00e1ndez, arquitecta i \u00a0fundadora de l&#8217;estudi Arquitectura Sana.<\/p>\n<h3><strong><em>La salut a l\u2019edificaci\u00f3<\/em><\/strong><strong>, Eul\u00e0lia Figuerola<\/strong><\/h3>\n<p>Experta en sostenibilitat i efici\u00e8ncia energ\u00e8tica, Eul\u00e0lia Figuerola va explicar els objectius i accions del Green Building Council Espanya (GBCe), organitzaci\u00f3 de la qual ella \u00e9s delegada i que uneix a representants de tots els agents del sector de l&#8217;edificaci\u00f3 amb la finalitat de contribuir a la transformaci\u00f3 del mercat cap a una edificaci\u00f3 m\u00e9s sostenible i saludable.<\/p>\n<p>Un dels objectius d\u2019aquesta entitat, per tant, \u00e9s defensar la necessitat de posar en valor els efectes en la salut dels elements de l\u2019edifici. \u201cEns preocupa menjar b\u00e9, fer esport o la qualitat de l\u2019aire, per\u00f2 en canvi encara no tenim gaire en compte la import\u00e0ncia de l\u2019edificabilitat en el nostre organisme, tot i que passem la major part del temps dins dels edificis\u201d, va afirmar Figuerola.<\/p>\n<p>Tal com va comentar-se, la manca d\u2019indicadors i de conscienciaci\u00f3 comporta que els efectes a la salut provinents de l\u2019edificabilitat encara siguin menystinguts per propietaris, empreses i administraci\u00f3. \u00c9s per aix\u00f2 que des del GBCe s\u2019est\u00e0 posant l\u2019enfoc en identificar indicadors i solucions per millorar la salubritat de les edificacions, tenint en compte com, per exemple, una ventilaci\u00f3 natural \u00f2ptima pot reduir malalties pulmonars fins a un 20% o com les baixes de treballadors quan reben llum natural i tenen acc\u00e9s a vistes exteriors es redueixen un 6,5%i la seva productivitat pot augmentar al voltant d&#8217;un 15%.<\/p>\n<p>Aquests i altres efectes, aix\u00ed com iniciatives i indicadors impulsats pel GBCe, els podeu trobar a la presentaci\u00f3 power point que adjuntem a continuaci\u00f3:<\/p>\n<ul>\n<li><a href=\"https:\/\/gremi-obres.org\/wp-content\/uploads\/2019\/10\/191010_Presentaci%C3%B3-RIME-03.pdf\"><strong><span style=\"color: #0000ff;\">Presentaci\u00f3 power point pon\u00e8ncia La Salut a l\u2019Edificaci\u00f3<\/span><\/strong><\/a><\/li>\n<\/ul>\n<hr \/>\n<h3><strong><em><br \/>\nArquitectura i Salut<\/em><\/strong><strong>, Sonia Hern\u00e1ndez<\/strong><\/h3>\n<p>Al seu torn, Sonia Hern\u00e1ndez, arquitecta experta en bioconstrucci\u00f3 i espais saludables i fundadora de l&#8217;estudi Arquitectura Sana, va explicar com des de la Generalitat s\u2019ha impulsat en els darrers anys el PINSAP, Pla Interdepartamental i Intersectorial de Salut P\u00fablica, per implementar l\u2019estudi dels efectes en la salut des dels diferents \u00e0mbits socials, entre ells tamb\u00e9, l\u2019arquitectura i l\u2019urbanisme, mitjan\u00e7ant factors biol\u00f2gics, qu\u00edmics, f\u00edsics, d\u2019humitat, d\u2019electroclima, lum\u00ednics o el\u00e8ctrics.<\/p>\n<p>Segons ha defensat Hern\u00e1ndez, q\u00fcestions sovint menyspreades com una correcta instal\u00b7laci\u00f3 de preses de terra o una ventilaci\u00f3 adequada resulten fonamentals per a la qualitat de vida de la ciutadania, i cada cop estan sent m\u00e9s considerades per administracions, propietaris i empreses. Un exemple paradigm\u00e0tic seria el de la detecci\u00f3 i tractament del gas rad\u00f3, el qual, demostrat el seu efecte cancerigen, ja \u00e9s una q\u00fcesti\u00f3 tractada en aquelles zones amb m\u00e9s impacte d\u2019aquest gas, i \u00e9s previst que properament s\u2019exigeixi legislativament mesures especifiques per minorar el seu impacte.<\/p>\n<p>Es tractaria doncs, segons Hern\u00e1ndez, de continuar identificant quins par\u00e0metres ens s\u00f3n menys perjudicials i d\u2019aplicar-ne protocols i mesures, ja sigui introduint-les legislativament com tamb\u00e9 creant una demanda per part dels consumidors, mitjan\u00e7ant la divulgaci\u00f3 dels avantatges de viure en edificis saludables.<\/p>\n<p>Podeu trobar m\u00e9s informaci\u00f3 a la presentaci\u00f3 power point que adjuntem a continuaci\u00f3:<\/p>\n<ul>\n<li><strong><span style=\"color: #0000ff;\"><a style=\"color: #0000ff;\" href=\"https:\/\/gremi-obres.org\/wp-content\/uploads\/2019\/10\/Gremi-constructors.pdf\">Presentaci\u00f3 power point pon\u00e8ncia Arquitectura i Salut<\/a><\/span><\/strong><\/li>\n<\/ul>\n<hr \/>\n<h3><strong><br \/>\nDebat amb els assistents<\/strong><\/h3>\n<p>Finalitzades les pon\u00e8ncies, la jornada va tenir un debat entre ponents i assistents, entre els quals es trobaven majorit\u00e0riament empreses constructores, per\u00f2 tamb\u00e9 representants d\u2019altres entitats del sector com el Col.legi d\u2019Arquitectes de Catalunya, el Col.legi d\u2019Administradors de Finques de Barcelona i Lleida i el Col.legi d\u2019Aparelladors de Barcelona.<\/p>\n<p>Entre els assistents va destacar-se com cal encara molta pedagogia per fer entendre a la societat de la necessitat d\u2019invertir en salut tamb\u00e9 als edificis, tal com ja es fa al supermercat o a l\u2019hora de comprar-se un cotxe. En aquest sentit, tamb\u00e9 va estimar-se imprescindible l\u2019impuls d\u2019aquestes mesures per part de l\u2019administraci\u00f3, aix\u00ed com la necessitat d\u2019elaborar protocols i <em>checklists<\/em> per facilitar la feina a constructors i propietaris en relaci\u00f3 als factors a tenir en compte i com tractar-los.<\/p>\n<p>\u00c9s destacable com s\u2019ha indicat que des del Col.legi d\u2019Arquitectes de Catalunya ja s\u2019est\u00e0 elaborant documentaci\u00f3 d\u2019aquest tipus, que ens faran arribar al Gremi i la qual us enviarem tamb\u00e9 a les empreses agremiades tan bon punt la tinguem, per tal que la pugueu fer servir a les obres i amb els propietaris i promotors.<\/p>\n<hr \/>\n<h3><\/h3>\n<h3><strong>\u00a0<\/strong><strong>Assumptes varis<\/strong><\/h3>\n<p>Un \u00faltim bloc de la jornada va servir per fer una breu menci\u00f3 de diferents tem\u00e0tiques d\u2019actualitat. Va nombrar-se el UPC Projecte Diagnosis, el qual pret\u00e9n impulsar i millorar les diagnosis als edificis i del qual us detallarem m\u00e9s informaci\u00f3 segons vagi desenvolupant-se.<\/p>\n<p>Tamb\u00e9 va comentar-se la jornada que es celebrar\u00e0 al Gremi el proper dimarts 22 d\u2019octubre, i la qual comptar\u00e0 amb els\u00a0Responsables d&#8217;operacions comercials de la Xarxa de Catalunya Oest i Catalunya Est de la <strong>companyia el\u00e8ctrica ENDESA<\/strong>. La jornada tindr\u00e0 com objectiu resoldre dubtes sobre la instal\u00b7laci\u00f3 i gesti\u00f3 de nous subministraments als edificis. Podeu trobar m\u00e9s informaci\u00f3 en el seg\u00fcent enlla\u00e7:<\/p>\n<h4><span style=\"color: #0000ff;\"><a style=\"color: #0000ff;\" href=\"http:\/\/gremi-obres.mailrelay-iv.es\/mailing\/151737\/201.html?t=565142435904065657440d5d535555370d515255025907015d0c0204090554015211495c0602555d105205\">-Jornada 22\/10. INSTAL.LACI\u00d3 DE NOUS SUBMINISTRAMENTS ALS EDIFICIS<\/a><\/span><\/h4>\n<p>La jornada va finalitzar, com \u00e9s tradici\u00f3, amb un esmorzar a peu dret.<\/p>\n<p>&nbsp;<\/p>\n<p>&nbsp;<\/p>\n","protected":false},"excerpt":{"rendered":"<p>La salut als edificis fou el tema central de la darrera Comissi\u00f3 RiMe, celebrada a la seu del Gremi al mat\u00ed del passat dijous 10 d\u2019octubre. La sessi\u00f3, moderada per Josep A. Mart\u00ednez, president de la RiMe i vicepresident del Gremi, va ser patrocinada per l\u2019empresa Predecat \u2013podeu trobar informaci\u00f3 sobre els seus prefabricats decoratius de formig\u00f3 a la seva web-, i va comptar amb pon\u00e8ncies d\u2019Eul\u00e0lia Figuerola, arquitecta i delegada del\u00a0Green Building Council; i de Sonia Hern\u00e1ndez, arquitecta i \u00a0fundadora de l&#8217;estudi Arquitectura Sana. La salut a l\u2019edificaci\u00f3, Eul\u00e0lia Figuerola Experta en sostenibilitat i efici\u00e8ncia energ\u00e8tica, Eul\u00e0lia Figuerola va<\/p>\n","protected":false},"author":1,"featured_media":24044,"comment_status":"open","ping_status":"open","sticky":false,"template":"","format":"standard","meta":{"_acf_changed":false,"footnotes":""},"categories":[550,546,548,348],"tags":[],"class_list":["post-24048","post","type-post","status-publish","format-standard","has-post-thumbnail","hentry","category-espai-rehabilitacio-es","category-noticies-es","category-reportatges-es","category-sin-categorizar"],"acf":[],"yoast_head":"<!-- This site is optimized with the Yoast SEO plugin v26.6 - https:\/\/yoast.com\/wordpress\/plugins\/seo\/ -->\n<title>De qu\u00e8 vam parlar a la RiMe del 10 d\u2019octubre? - Gremi de Constructors d&#039;Obres de Barcelona i Comarques<\/title>\n<meta name=\"robots\" content=\"index, follow, max-snippet:-1, max-image-preview:large, max-video-preview:-1\" \/>\n<link rel=\"canonical\" href=\"https:\/\/www.gremi-obres.org\/de-que-vam-parlar-a-la-rime-del-10-doctubre\/\" \/>\n<meta property=\"og:locale\" content=\"es_ES\" \/>\n<meta property=\"og:type\" content=\"article\" \/>\n<meta property=\"og:title\" content=\"De qu\u00e8 vam parlar a la RiMe del 10 d\u2019octubre? - Gremi de Constructors d&#039;Obres de Barcelona i Comarques\" \/>\n<meta property=\"og:description\" content=\"La salut als edificis fou el tema central de la darrera Comissi\u00f3 RiMe, celebrada a la seu del Gremi al mat\u00ed del passat dijous 10 d\u2019octubre. La sessi\u00f3, moderada per Josep A. Mart\u00ednez, president de la RiMe i vicepresident del Gremi, va ser patrocinada per l\u2019empresa Predecat \u2013podeu trobar informaci\u00f3 sobre els seus prefabricats decoratius de formig\u00f3 a la seva web-, i va comptar amb pon\u00e8ncies d\u2019Eul\u00e0lia Figuerola, arquitecta i delegada del\u00a0Green Building Council; i de Sonia Hern\u00e1ndez, arquitecta i \u00a0fundadora de l&#8217;estudi Arquitectura Sana. La salut a l\u2019edificaci\u00f3, Eul\u00e0lia Figuerola Experta en sostenibilitat i efici\u00e8ncia energ\u00e8tica, Eul\u00e0lia Figuerola va\" \/>\n<meta property=\"og:url\" content=\"https:\/\/www.gremi-obres.org\/de-que-vam-parlar-a-la-rime-del-10-doctubre\/\" \/>\n<meta property=\"og:site_name\" content=\"Gremi de Constructors d&#039;Obres de Barcelona i Comarques\" \/>\n<meta property=\"article:published_time\" content=\"2019-10-14T07:46:30+00:00\" \/>\n<meta property=\"og:image\" content=\"https:\/\/www.gremi-obres.org\/wp-content\/uploads\/2019\/10\/foto-twitter.png\" \/>\n\t<meta property=\"og:image:width\" content=\"1019\" \/>\n\t<meta property=\"og:image:height\" content=\"264\" \/>\n\t<meta property=\"og:image:type\" content=\"image\/png\" \/>\n<meta name=\"author\" content=\"admin\" \/>\n<meta name=\"twitter:card\" content=\"summary_large_image\" \/>\n<meta name=\"twitter:label1\" content=\"Escrito por\" \/>\n\t<meta name=\"twitter:data1\" content=\"admin\" \/>\n\t<meta name=\"twitter:label2\" content=\"Tiempo de lectura\" \/>\n\t<meta name=\"twitter:data2\" content=\"5 minutos\" \/>\n<script type=\"application\/ld+json\" class=\"yoast-schema-graph\">{\"@context\":\"https:\/\/schema.org\",\"@graph\":[{\"@type\":\"WebPage\",\"@id\":\"https:\/\/www.gremi-obres.org\/de-que-vam-parlar-a-la-rime-del-10-doctubre\/\",\"url\":\"https:\/\/www.gremi-obres.org\/de-que-vam-parlar-a-la-rime-del-10-doctubre\/\",\"name\":\"De qu\u00e8 vam parlar a la RiMe del 10 d\u2019octubre? - Gremi de Constructors d&#039;Obres de Barcelona i Comarques\",\"isPartOf\":{\"@id\":\"https:\/\/www.gremi-obres.org\/#website\"},\"primaryImageOfPage\":{\"@id\":\"https:\/\/www.gremi-obres.org\/de-que-vam-parlar-a-la-rime-del-10-doctubre\/#primaryimage\"},\"image\":{\"@id\":\"https:\/\/www.gremi-obres.org\/de-que-vam-parlar-a-la-rime-del-10-doctubre\/#primaryimage\"},\"thumbnailUrl\":\"https:\/\/www.gremi-obres.org\/wp-content\/uploads\/2019\/10\/foto-twitter.png\",\"datePublished\":\"2019-10-14T07:46:30+00:00\",\"author\":{\"@id\":\"https:\/\/www.gremi-obres.org\/#\/schema\/person\/0899d1bf9c0590005d47809f9315d840\"},\"breadcrumb\":{\"@id\":\"https:\/\/www.gremi-obres.org\/de-que-vam-parlar-a-la-rime-del-10-doctubre\/#breadcrumb\"},\"inLanguage\":\"es\",\"potentialAction\":[{\"@type\":\"ReadAction\",\"target\":[\"https:\/\/www.gremi-obres.org\/de-que-vam-parlar-a-la-rime-del-10-doctubre\/\"]}]},{\"@type\":\"ImageObject\",\"inLanguage\":\"es\",\"@id\":\"https:\/\/www.gremi-obres.org\/de-que-vam-parlar-a-la-rime-del-10-doctubre\/#primaryimage\",\"url\":\"https:\/\/www.gremi-obres.org\/wp-content\/uploads\/2019\/10\/foto-twitter.png\",\"contentUrl\":\"https:\/\/www.gremi-obres.org\/wp-content\/uploads\/2019\/10\/foto-twitter.png\",\"width\":1019,\"height\":264},{\"@type\":\"BreadcrumbList\",\"@id\":\"https:\/\/www.gremi-obres.org\/de-que-vam-parlar-a-la-rime-del-10-doctubre\/#breadcrumb\",\"itemListElement\":[{\"@type\":\"ListItem\",\"position\":1,\"name\":\"Inici\",\"item\":\"https:\/\/www.gremi-obres.org\/es\/\"},{\"@type\":\"ListItem\",\"position\":2,\"name\":\"De qu\u00e8 vam parlar a la RiMe del 10 d\u2019octubre?\"}]},{\"@type\":\"WebSite\",\"@id\":\"https:\/\/www.gremi-obres.org\/#website\",\"url\":\"https:\/\/www.gremi-obres.org\/\",\"name\":\"Gremi de Constructors d&#039;Obres de Barcelona i Comarques\",\"description\":\"La missi\u00f3 del Gremi \u00e9s la de defensar els  interessos de les empreses constructores i rehabilitadores agremiades i recolzar-les en les necessitats de la seva activitat mitjan\u00e7ant serveis, recursos, formaci\u00f3, assessorament i informaci\u00f3\",\"potentialAction\":[{\"@type\":\"SearchAction\",\"target\":{\"@type\":\"EntryPoint\",\"urlTemplate\":\"https:\/\/www.gremi-obres.org\/?s={search_term_string}\"},\"query-input\":{\"@type\":\"PropertyValueSpecification\",\"valueRequired\":true,\"valueName\":\"search_term_string\"}}],\"inLanguage\":\"es\"},{\"@type\":\"Person\",\"@id\":\"https:\/\/www.gremi-obres.org\/#\/schema\/person\/0899d1bf9c0590005d47809f9315d840\",\"name\":\"admin\",\"image\":{\"@type\":\"ImageObject\",\"inLanguage\":\"es\",\"@id\":\"https:\/\/www.gremi-obres.org\/#\/schema\/person\/image\/\",\"url\":\"https:\/\/secure.gravatar.com\/avatar\/01f1708c07ad1e96486b333b447c55a6639abb2e7fe8911639cdafa4ee687367?s=96&d=mm&r=g\",\"contentUrl\":\"https:\/\/secure.gravatar.com\/avatar\/01f1708c07ad1e96486b333b447c55a6639abb2e7fe8911639cdafa4ee687367?s=96&d=mm&r=g\",\"caption\":\"admin\"},\"url\":\"https:\/\/www.gremi-obres.org\/es\/author\/admin\/\"}]}<\/script>\n<!-- \/ Yoast SEO plugin. -->","yoast_head_json":{"title":"De qu\u00e8 vam parlar a la RiMe del 10 d\u2019octubre? - Gremi de Constructors d&#039;Obres de Barcelona i Comarques","robots":{"index":"index","follow":"follow","max-snippet":"max-snippet:-1","max-image-preview":"max-image-preview:large","max-video-preview":"max-video-preview:-1"},"canonical":"https:\/\/www.gremi-obres.org\/de-que-vam-parlar-a-la-rime-del-10-doctubre\/","og_locale":"es_ES","og_type":"article","og_title":"De qu\u00e8 vam parlar a la RiMe del 10 d\u2019octubre? - Gremi de Constructors d&#039;Obres de Barcelona i Comarques","og_description":"La salut als edificis fou el tema central de la darrera Comissi\u00f3 RiMe, celebrada a la seu del Gremi al mat\u00ed del passat dijous 10 d\u2019octubre. La sessi\u00f3, moderada per Josep A. Mart\u00ednez, president de la RiMe i vicepresident del Gremi, va ser patrocinada per l\u2019empresa Predecat \u2013podeu trobar informaci\u00f3 sobre els seus prefabricats decoratius de formig\u00f3 a la seva web-, i va comptar amb pon\u00e8ncies d\u2019Eul\u00e0lia Figuerola, arquitecta i delegada del\u00a0Green Building Council; i de Sonia Hern\u00e1ndez, arquitecta i \u00a0fundadora de l&#8217;estudi Arquitectura Sana. La salut a l\u2019edificaci\u00f3, Eul\u00e0lia Figuerola Experta en sostenibilitat i efici\u00e8ncia energ\u00e8tica, Eul\u00e0lia Figuerola va","og_url":"https:\/\/www.gremi-obres.org\/de-que-vam-parlar-a-la-rime-del-10-doctubre\/","og_site_name":"Gremi de Constructors d&#039;Obres de Barcelona i Comarques","article_published_time":"2019-10-14T07:46:30+00:00","og_image":[{"width":1019,"height":264,"url":"https:\/\/www.gremi-obres.org\/wp-content\/uploads\/2019\/10\/foto-twitter.png","type":"image\/png"}],"author":"admin","twitter_card":"summary_large_image","twitter_misc":{"Escrito por":"admin","Tiempo de lectura":"5 minutos"},"schema":{"@context":"https:\/\/schema.org","@graph":[{"@type":"WebPage","@id":"https:\/\/www.gremi-obres.org\/de-que-vam-parlar-a-la-rime-del-10-doctubre\/","url":"https:\/\/www.gremi-obres.org\/de-que-vam-parlar-a-la-rime-del-10-doctubre\/","name":"De qu\u00e8 vam parlar a la RiMe del 10 d\u2019octubre? - Gremi de Constructors d&#039;Obres de Barcelona i Comarques","isPartOf":{"@id":"https:\/\/www.gremi-obres.org\/#website"},"primaryImageOfPage":{"@id":"https:\/\/www.gremi-obres.org\/de-que-vam-parlar-a-la-rime-del-10-doctubre\/#primaryimage"},"image":{"@id":"https:\/\/www.gremi-obres.org\/de-que-vam-parlar-a-la-rime-del-10-doctubre\/#primaryimage"},"thumbnailUrl":"https:\/\/www.gremi-obres.org\/wp-content\/uploads\/2019\/10\/foto-twitter.png","datePublished":"2019-10-14T07:46:30+00:00","author":{"@id":"https:\/\/www.gremi-obres.org\/#\/schema\/person\/0899d1bf9c0590005d47809f9315d840"},"breadcrumb":{"@id":"https:\/\/www.gremi-obres.org\/de-que-vam-parlar-a-la-rime-del-10-doctubre\/#breadcrumb"},"inLanguage":"es","potentialAction":[{"@type":"ReadAction","target":["https:\/\/www.gremi-obres.org\/de-que-vam-parlar-a-la-rime-del-10-doctubre\/"]}]},{"@type":"ImageObject","inLanguage":"es","@id":"https:\/\/www.gremi-obres.org\/de-que-vam-parlar-a-la-rime-del-10-doctubre\/#primaryimage","url":"https:\/\/www.gremi-obres.org\/wp-content\/uploads\/2019\/10\/foto-twitter.png","contentUrl":"https:\/\/www.gremi-obres.org\/wp-content\/uploads\/2019\/10\/foto-twitter.png","width":1019,"height":264},{"@type":"BreadcrumbList","@id":"https:\/\/www.gremi-obres.org\/de-que-vam-parlar-a-la-rime-del-10-doctubre\/#breadcrumb","itemListElement":[{"@type":"ListItem","position":1,"name":"Inici","item":"https:\/\/www.gremi-obres.org\/es\/"},{"@type":"ListItem","position":2,"name":"De qu\u00e8 vam parlar a la RiMe del 10 d\u2019octubre?"}]},{"@type":"WebSite","@id":"https:\/\/www.gremi-obres.org\/#website","url":"https:\/\/www.gremi-obres.org\/","name":"Gremi de Constructors d&#039;Obres de Barcelona i Comarques","description":"La missi\u00f3 del Gremi \u00e9s la de defensar els  interessos de les empreses constructores i rehabilitadores agremiades i recolzar-les en les necessitats de la seva activitat mitjan\u00e7ant serveis, recursos, formaci\u00f3, assessorament i informaci\u00f3","potentialAction":[{"@type":"SearchAction","target":{"@type":"EntryPoint","urlTemplate":"https:\/\/www.gremi-obres.org\/?s={search_term_string}"},"query-input":{"@type":"PropertyValueSpecification","valueRequired":true,"valueName":"search_term_string"}}],"inLanguage":"es"},{"@type":"Person","@id":"https:\/\/www.gremi-obres.org\/#\/schema\/person\/0899d1bf9c0590005d47809f9315d840","name":"admin","image":{"@type":"ImageObject","inLanguage":"es","@id":"https:\/\/www.gremi-obres.org\/#\/schema\/person\/image\/","url":"https:\/\/secure.gravatar.com\/avatar\/01f1708c07ad1e96486b333b447c55a6639abb2e7fe8911639cdafa4ee687367?s=96&d=mm&r=g","contentUrl":"https:\/\/secure.gravatar.com\/avatar\/01f1708c07ad1e96486b333b447c55a6639abb2e7fe8911639cdafa4ee687367?s=96&d=mm&r=g","caption":"admin"},"url":"https:\/\/www.gremi-obres.org\/es\/author\/admin\/"}]}},"jetpack_featured_media_url":"https:\/\/www.gremi-obres.org\/wp-content\/uploads\/2019\/10\/foto-twitter.png","_links":{"self":[{"href":"https:\/\/www.gremi-obres.org\/es\/wp-json\/wp\/v2\/posts\/24048","targetHints":{"allow":["GET"]}}],"collection":[{"href":"https:\/\/www.gremi-obres.org\/es\/wp-json\/wp\/v2\/posts"}],"about":[{"href":"https:\/\/www.gremi-obres.org\/es\/wp-json\/wp\/v2\/types\/post"}],"author":[{"embeddable":true,"href":"https:\/\/www.gremi-obres.org\/es\/wp-json\/wp\/v2\/users\/1"}],"replies":[{"embeddable":true,"href":"https:\/\/www.gremi-obres.org\/es\/wp-json\/wp\/v2\/comments?post=24048"}],"version-history":[{"count":0,"href":"https:\/\/www.gremi-obres.org\/es\/wp-json\/wp\/v2\/posts\/24048\/revisions"}],"wp:featuredmedia":[{"embeddable":true,"href":"https:\/\/www.gremi-obres.org\/es\/wp-json\/wp\/v2\/media\/24044"}],"wp:attachment":[{"href":"https:\/\/www.gremi-obres.org\/es\/wp-json\/wp\/v2\/media?parent=24048"}],"wp:term":[{"taxonomy":"category","embeddable":true,"href":"https:\/\/www.gremi-obres.org\/es\/wp-json\/wp\/v2\/categories?post=24048"},{"taxonomy":"post_tag","embeddable":true,"href":"https:\/\/www.gremi-obres.org\/es\/wp-json\/wp\/v2\/tags?post=24048"}],"curies":[{"name":"wp","href":"https:\/\/api.w.org\/{rel}","templated":true}]}}