{"id":23931,"date":"2019-09-06T17:35:33","date_gmt":"2019-09-06T09:35:33","guid":{"rendered":"https:\/\/gremi-obres.org\/constructores-i-model-bim-entrevista-a-gorka-gibert-alonso\/"},"modified":"2019-09-06T18:48:20","modified_gmt":"2019-09-06T10:48:20","slug":"constructores-i-model-bim-entrevista-a-gorka-gibert-alonso","status":"publish","type":"post","link":"https:\/\/www.gremi-obres.org\/es\/constructores-i-model-bim-entrevista-a-gorka-gibert-alonso\/","title":{"rendered":"Constructores i model BIM. Entrevista a Gorka Gibert Alonso"},"content":{"rendered":"<p>Tot i la seva progressiva consolidaci\u00f3 en el sector, el cert \u00e9s que encara s\u00f3n moltes les empreses constructores que no s&#8217;atreveixen a donar el pas endavant per incorporar\u00a0el <strong>model BIM<\/strong>\u00a0en el seu funcionament, per creure que pot resultar poc rentable.<\/p>\n<p>Contr\u00e0riament, el cert \u00e9s que\u00a0<strong>funcionant amb BIM les constructores poden beneficiar-se dels avantatges<\/strong>\u00a0que comporta un model integrador dels diferents processos del projecte constructiu. Aix\u00ed mateix, progressivament s\u2019est\u00e0 implementant com obligatori en licitacions publiques i projectes privats.<\/p>\n<p>Parlem amb Gorka Gibert Alonso, docent del Gremi i Director de projectes BIM a Gesob, asesoria y gesti\u00f3 de projectes i obres, per tal que ens expliqui l\u2019actualitat sobre el BIM.<\/p>\n<p><strong>-En quins projectes ja \u00e9s obligatori utilitzar el BIM? <\/strong><\/p>\n<p>En l\u2019actualitat i des del 17 de Desembre del 2018 \u00e9s obligatori utilitzar metodologia BIM en tots els projectes amb finan\u00e7ament p\u00fablic en el sector de la construcci\u00f3. A partir del 26 de juliol d\u2019aquest any tamb\u00e9 ser\u00e0 obligatori als projectes d\u2019infraestructures p\u00fabliques.<\/p>\n<p><strong>-Requereix una gran inversi\u00f3 de temps aprendre a fer servir el BIM? Per a quins perfils professionals ser\u00e0 m\u00e9s senzill i per a quins m\u00e9s complicats?\u00a0 <\/strong><\/p>\n<p>La veritat \u00e9s que s\u00ed, no es pot aprendre la metodologia BIM ni amb un curs de 30 hores ni un de 60 hores. La metodologia BIM afecta a molts aspectes de la nostra feina, no \u00e9s nom\u00e9s una eina de treball \u00e9s una manera de treballar que ens far\u00e0 modificar els nostres processos actuals, les eines amb les quals estem habituats i incl\u00fas a vegades els rols dels nostres agents dins del proc\u00e9s constructiu. Penso que tots els perfils professionals tenen que canviar el seu proc\u00e9s amb una dificultat semblant, cadascun amb el seu nou rol. El m\u00e9s dif\u00edcil de fer entendre es que aquesta nova manera de treballar ha d\u2019integrar a tots els agents dels del minut zero; projecte, obra i manteniment d\u2019un edifici han de comen\u00e7ar a treballar-se a la vegada perqu\u00e8 despr\u00e9s sigui molt m\u00e9s f\u00e0cil arribar amb els terminis i costos previstos.<\/p>\n<p><strong>-Quin \u00e9s el perfil d\u2019alumnes habituals als cursos del Gremi? Constructors?\u00a0 <\/strong><\/p>\n<p>En els cursos que impartim al Gremi de Constructors trobem tota mena de perfils professionals, aquesta varietat d\u00f3na molt de joc per realitzar les classes perqu\u00e8 aix\u00ed podem explicar la diferent manera de veure i utilitzar la mateixa eina pels diferents perfils i el que li pot interessar m\u00e9s a un o un altre. He tingut interioristes, enginyers d\u2019instal\u00b7lacions enginyers d\u2019estructures, arquitectes projectistes, aparelladors i s\u00ed tamb\u00e9 constructors, encara que per trobar-nos al Gremi de Constructors s\u2019ha de dir que en un nombre m\u00e9s baix. T\u00e9 una ra\u00f3 molt l\u00f2gica, els promotors tant p\u00fablics obligats i privats motivats per les avantatges d\u2019utilitzar la metodologia BIM ja demana els seus projectes aix\u00ed, per\u00f2 el potencial que es pot treure en fase d\u2019obra i sobretot en fase d\u2019explotaci\u00f3 encara no s\u2019ha produ\u00eft. Quan a les obres comencin a demanar experts amb aquesta metodologia els cursos s\u2019ompliran de constructors.<strong>\u00a0<\/strong><\/p>\n<p><strong>-Qu\u00e8 recomanaries a les nostres empreses per adaptar-se al BIM? <\/strong><\/p>\n<p>El primer que recomanaria \u00e9s que els gerents hi creguin, que siguin conscients que s\u2019ha d\u2019invertir temps i diners per implementar la metodologia per\u00f2 que aquesta inversi\u00f3 es veur\u00e0 recuperada molt aviat amb els primers projectes. S\u2019ha de comen\u00e7ar marcant uns objectius que siguin f\u00e0cilment assequibles i anar pujant esgla\u00f3 a esgla\u00f3 amb la resta.<\/p>\n<p>Comen\u00e7ar per cursos de modelat per con\u00e8ixer les eines natives de treball, d\u2019all\u00e0 on surt tota la informaci\u00f3 per gestionar la obra crec que \u00e9s primordial, potser molts dels agents que faran el curs no es dedicaran a modelar res, per\u00f2 \u00e9s molt necessari per con\u00e8ixer d\u2019on comen\u00e7a la metodologia.<\/p>\n<p><strong>-Amb els cursos de Revit del Gremi quin nivell s\u2019assoleix en l\u2019\u00fas de Revit?\u00a0 <\/strong><\/p>\n<p>Els cursos de Revit del gremi de Constructors s\u00f3n molt complerts en el sentit que l\u2019alumne fa una ullada a les possibilitats del programa, per\u00f2 com hem parlat abans, no es pot aconseguir un bon nivell de l\u2019eina amb un curs de 62 hores en total. Per poder assolir un nivell alt de l\u2019eina s\u2019han de fer un m\u00ednim de 1000 hores per ser un usuari expert.\u00a0 Els cursos ens serveixen per que els alumnes puguin desenvolupar totes aquestes hores amb les pr\u00e0ctiques en projectes ja definits o inc\u00fas els m\u00e9s decidits amb projectes actuals.<\/p>\n<p><strong>-Novetats sobre el BIM al 2019? Tend\u00e8ncies?<\/strong><\/p>\n<p style=\"text-align: left;\">El\u00a0fet\u00a0de\u00a0que\u00a0ja\u00a0a\u00a0mitjans\u00a0del\u00a02019\u00a0ja\u00a0sigui\u00a0obligatori\u00a0l\u2019\u00fas\u00a0de\u00a0la\u00a0metodologia\u00a0en\u00a0tots\u00a0els\u00a0sectors\u00a0 de\u00a0la\u00a0construcci\u00f3\u00a0es\u00a0preveu\u00a0que\u00a0el\u00a02019\u00a0sigui\u00a0un\u00a0any\u00a0on\u00a0els\u00a0projectes\u00a0realitzats\u00a0amb\u00a0BIM\u00a0 augmentin\u00a0exponencialment.\u00a0Per\u00a0desgracia\u00a0en\u00a0molts\u00a0casos\u00a0nom\u00e9s\u00a0actuem\u00a0quan\u00a0ens\u00a0obliguen\u00a0a\u00a0 fer-ho,\u00a0per\u00f2\u00a0tamb\u00e9\u00a0en\u00a0altres\u00a0ens\u00a0adonem\u00a0del\u00a0potencial\u00a0que\u00a0t\u00e9\u00a0aquesta\u00a0metodologia\u00a0i\u00a0els\u00a0 beneficis\u00a0que\u00a0provoca.\u00a0 La\u00a0tend\u00e8ncia\u00a0\u00e9s\u00a0que\u00a0es\u00a0consolidi\u00a0al\u00a0desenvolupament\u00a0del\u00a0projecte\u00a0en\u00a0BIM\u00a0i\u00a0que\u00a0ja\u00a0es\u00a0comenci\u00a0a\u00a0 demanar\u00a0de\u00a0manera\u00a0m\u00e9s\u00a0generalitzada\u00a0a\u00a0obra,\u00a0que\u00a0els\u00a0processos\u00a0de\u00a0treball\u00a0estiguin\u00a0marcats\u00a0 per\u00a0un\u00a0objectius\u00a0BIM\u00a0per\u00a0resoldre\u2019ls\u00a0i\u00a0que\u00a0no\u00a0en\u00a0un\u00a0futur\u00a0molt\u00a0lluny\u00e0\u00a0per\u00a0fi\u00a0es\u00a0finalitzi\u00a0el\u00a0cicle\u00a0 constructiu\u00a0i\u00a0la\u00a0explotaci\u00f3\u00a0de\u00a0l\u2019edifici\u00a0formi\u00a0part\u00a0del\u00a0proc\u00e9s.<\/p>\n<p>&nbsp;<\/p>\n<p>&nbsp;<\/p>\n","protected":false},"excerpt":{"rendered":"<p>Tot i la seva progressiva consolidaci\u00f3 en el sector, el cert \u00e9s que encara s\u00f3n moltes les empreses constructores que no s&#8217;atreveixen a donar el pas endavant per incorporar\u00a0el model BIM\u00a0en el seu funcionament, per creure que pot resultar poc rentable. Contr\u00e0riament, el cert \u00e9s que\u00a0funcionant amb BIM les constructores poden beneficiar-se dels avantatges\u00a0que comporta un model integrador dels diferents processos del projecte constructiu. Aix\u00ed mateix, progressivament s\u2019est\u00e0 implementant com obligatori en licitacions publiques i projectes privats. Parlem amb Gorka Gibert Alonso, docent del Gremi i Director de projectes BIM a Gesob, asesoria y gesti\u00f3 de projectes i obres, per<\/p>\n","protected":false},"author":1,"featured_media":23926,"comment_status":"open","ping_status":"open","sticky":false,"template":"","format":"standard","meta":{"_acf_changed":false,"footnotes":""},"categories":[348],"tags":[],"class_list":["post-23931","post","type-post","status-publish","format-standard","has-post-thumbnail","hentry","category-sin-categorizar"],"acf":[],"yoast_head":"<!-- This site is optimized with the Yoast SEO plugin v26.6 - https:\/\/yoast.com\/wordpress\/plugins\/seo\/ -->\n<title>Constructores i model BIM. Entrevista a Gorka Gibert Alonso - Gremi de Constructors d&#039;Obres de Barcelona i Comarques<\/title>\n<meta name=\"robots\" content=\"index, follow, max-snippet:-1, max-image-preview:large, max-video-preview:-1\" \/>\n<link rel=\"canonical\" href=\"https:\/\/www.gremi-obres.org\/constructores-i-model-bim-entrevista-a-gorka-gibert-alonso\/\" \/>\n<meta property=\"og:locale\" content=\"es_ES\" \/>\n<meta property=\"og:type\" content=\"article\" \/>\n<meta property=\"og:title\" content=\"Constructores i model BIM. Entrevista a Gorka Gibert Alonso - Gremi de Constructors d&#039;Obres de Barcelona i Comarques\" \/>\n<meta property=\"og:description\" content=\"Tot i la seva progressiva consolidaci\u00f3 en el sector, el cert \u00e9s que encara s\u00f3n moltes les empreses constructores que no s&#8217;atreveixen a donar el pas endavant per incorporar\u00a0el model BIM\u00a0en el seu funcionament, per creure que pot resultar poc rentable. Contr\u00e0riament, el cert \u00e9s que\u00a0funcionant amb BIM les constructores poden beneficiar-se dels avantatges\u00a0que comporta un model integrador dels diferents processos del projecte constructiu. Aix\u00ed mateix, progressivament s\u2019est\u00e0 implementant com obligatori en licitacions publiques i projectes privats. Parlem amb Gorka Gibert Alonso, docent del Gremi i Director de projectes BIM a Gesob, asesoria y gesti\u00f3 de projectes i obres, per\" \/>\n<meta property=\"og:url\" content=\"https:\/\/www.gremi-obres.org\/constructores-i-model-bim-entrevista-a-gorka-gibert-alonso\/\" \/>\n<meta property=\"og:site_name\" content=\"Gremi de Constructors d&#039;Obres de Barcelona i Comarques\" \/>\n<meta property=\"article:published_time\" content=\"2019-09-06T09:35:33+00:00\" \/>\n<meta property=\"article:modified_time\" content=\"2019-09-06T10:48:20+00:00\" \/>\n<meta property=\"og:image\" content=\"https:\/\/www.gremi-obres.org\/wp-content\/uploads\/2019\/09\/1adaa4ab-3e8b-4d3b-82e0-d62551b25b01-twittter.jpg\" \/>\n\t<meta property=\"og:image:width\" content=\"640\" \/>\n\t<meta property=\"og:image:height\" content=\"428\" \/>\n\t<meta property=\"og:image:type\" content=\"image\/jpeg\" \/>\n<meta name=\"author\" content=\"admin\" \/>\n<meta name=\"twitter:card\" content=\"summary_large_image\" \/>\n<meta name=\"twitter:label1\" content=\"Escrito por\" \/>\n\t<meta name=\"twitter:data1\" content=\"admin\" \/>\n\t<meta name=\"twitter:label2\" content=\"Tiempo de lectura\" \/>\n\t<meta name=\"twitter:data2\" content=\"5 minutos\" \/>\n<script type=\"application\/ld+json\" class=\"yoast-schema-graph\">{\"@context\":\"https:\/\/schema.org\",\"@graph\":[{\"@type\":\"WebPage\",\"@id\":\"https:\/\/www.gremi-obres.org\/constructores-i-model-bim-entrevista-a-gorka-gibert-alonso\/\",\"url\":\"https:\/\/www.gremi-obres.org\/constructores-i-model-bim-entrevista-a-gorka-gibert-alonso\/\",\"name\":\"Constructores i model BIM. Entrevista a Gorka Gibert Alonso - Gremi de Constructors d&#039;Obres de Barcelona i Comarques\",\"isPartOf\":{\"@id\":\"https:\/\/www.gremi-obres.org\/#website\"},\"primaryImageOfPage\":{\"@id\":\"https:\/\/www.gremi-obres.org\/constructores-i-model-bim-entrevista-a-gorka-gibert-alonso\/#primaryimage\"},\"image\":{\"@id\":\"https:\/\/www.gremi-obres.org\/constructores-i-model-bim-entrevista-a-gorka-gibert-alonso\/#primaryimage\"},\"thumbnailUrl\":\"https:\/\/www.gremi-obres.org\/wp-content\/uploads\/2019\/09\/1adaa4ab-3e8b-4d3b-82e0-d62551b25b01-twittter.jpg\",\"datePublished\":\"2019-09-06T09:35:33+00:00\",\"dateModified\":\"2019-09-06T10:48:20+00:00\",\"author\":{\"@id\":\"https:\/\/www.gremi-obres.org\/#\/schema\/person\/0899d1bf9c0590005d47809f9315d840\"},\"breadcrumb\":{\"@id\":\"https:\/\/www.gremi-obres.org\/constructores-i-model-bim-entrevista-a-gorka-gibert-alonso\/#breadcrumb\"},\"inLanguage\":\"es\",\"potentialAction\":[{\"@type\":\"ReadAction\",\"target\":[\"https:\/\/www.gremi-obres.org\/constructores-i-model-bim-entrevista-a-gorka-gibert-alonso\/\"]}]},{\"@type\":\"ImageObject\",\"inLanguage\":\"es\",\"@id\":\"https:\/\/www.gremi-obres.org\/constructores-i-model-bim-entrevista-a-gorka-gibert-alonso\/#primaryimage\",\"url\":\"https:\/\/www.gremi-obres.org\/wp-content\/uploads\/2019\/09\/1adaa4ab-3e8b-4d3b-82e0-d62551b25b01-twittter.jpg\",\"contentUrl\":\"https:\/\/www.gremi-obres.org\/wp-content\/uploads\/2019\/09\/1adaa4ab-3e8b-4d3b-82e0-d62551b25b01-twittter.jpg\",\"width\":640,\"height\":428,\"caption\":\"????????????????????????????????????\"},{\"@type\":\"BreadcrumbList\",\"@id\":\"https:\/\/www.gremi-obres.org\/constructores-i-model-bim-entrevista-a-gorka-gibert-alonso\/#breadcrumb\",\"itemListElement\":[{\"@type\":\"ListItem\",\"position\":1,\"name\":\"Inici\",\"item\":\"https:\/\/www.gremi-obres.org\/es\/\"},{\"@type\":\"ListItem\",\"position\":2,\"name\":\"Constructores i model BIM. Entrevista a Gorka Gibert Alonso\"}]},{\"@type\":\"WebSite\",\"@id\":\"https:\/\/www.gremi-obres.org\/#website\",\"url\":\"https:\/\/www.gremi-obres.org\/\",\"name\":\"Gremi de Constructors d&#039;Obres de Barcelona i Comarques\",\"description\":\"La missi\u00f3 del Gremi \u00e9s la de defensar els  interessos de les empreses constructores i rehabilitadores agremiades i recolzar-les en les necessitats de la seva activitat mitjan\u00e7ant serveis, recursos, formaci\u00f3, assessorament i informaci\u00f3\",\"potentialAction\":[{\"@type\":\"SearchAction\",\"target\":{\"@type\":\"EntryPoint\",\"urlTemplate\":\"https:\/\/www.gremi-obres.org\/?s={search_term_string}\"},\"query-input\":{\"@type\":\"PropertyValueSpecification\",\"valueRequired\":true,\"valueName\":\"search_term_string\"}}],\"inLanguage\":\"es\"},{\"@type\":\"Person\",\"@id\":\"https:\/\/www.gremi-obres.org\/#\/schema\/person\/0899d1bf9c0590005d47809f9315d840\",\"name\":\"admin\",\"image\":{\"@type\":\"ImageObject\",\"inLanguage\":\"es\",\"@id\":\"https:\/\/www.gremi-obres.org\/#\/schema\/person\/image\/\",\"url\":\"https:\/\/secure.gravatar.com\/avatar\/01f1708c07ad1e96486b333b447c55a6639abb2e7fe8911639cdafa4ee687367?s=96&d=mm&r=g\",\"contentUrl\":\"https:\/\/secure.gravatar.com\/avatar\/01f1708c07ad1e96486b333b447c55a6639abb2e7fe8911639cdafa4ee687367?s=96&d=mm&r=g\",\"caption\":\"admin\"},\"url\":\"https:\/\/www.gremi-obres.org\/es\/author\/admin\/\"}]}<\/script>\n<!-- \/ Yoast SEO plugin. -->","yoast_head_json":{"title":"Constructores i model BIM. Entrevista a Gorka Gibert Alonso - Gremi de Constructors d&#039;Obres de Barcelona i Comarques","robots":{"index":"index","follow":"follow","max-snippet":"max-snippet:-1","max-image-preview":"max-image-preview:large","max-video-preview":"max-video-preview:-1"},"canonical":"https:\/\/www.gremi-obres.org\/constructores-i-model-bim-entrevista-a-gorka-gibert-alonso\/","og_locale":"es_ES","og_type":"article","og_title":"Constructores i model BIM. Entrevista a Gorka Gibert Alonso - Gremi de Constructors d&#039;Obres de Barcelona i Comarques","og_description":"Tot i la seva progressiva consolidaci\u00f3 en el sector, el cert \u00e9s que encara s\u00f3n moltes les empreses constructores que no s&#8217;atreveixen a donar el pas endavant per incorporar\u00a0el model BIM\u00a0en el seu funcionament, per creure que pot resultar poc rentable. Contr\u00e0riament, el cert \u00e9s que\u00a0funcionant amb BIM les constructores poden beneficiar-se dels avantatges\u00a0que comporta un model integrador dels diferents processos del projecte constructiu. Aix\u00ed mateix, progressivament s\u2019est\u00e0 implementant com obligatori en licitacions publiques i projectes privats. Parlem amb Gorka Gibert Alonso, docent del Gremi i Director de projectes BIM a Gesob, asesoria y gesti\u00f3 de projectes i obres, per","og_url":"https:\/\/www.gremi-obres.org\/constructores-i-model-bim-entrevista-a-gorka-gibert-alonso\/","og_site_name":"Gremi de Constructors d&#039;Obres de Barcelona i Comarques","article_published_time":"2019-09-06T09:35:33+00:00","article_modified_time":"2019-09-06T10:48:20+00:00","og_image":[{"width":640,"height":428,"url":"https:\/\/www.gremi-obres.org\/wp-content\/uploads\/2019\/09\/1adaa4ab-3e8b-4d3b-82e0-d62551b25b01-twittter.jpg","type":"image\/jpeg"}],"author":"admin","twitter_card":"summary_large_image","twitter_misc":{"Escrito por":"admin","Tiempo de lectura":"5 minutos"},"schema":{"@context":"https:\/\/schema.org","@graph":[{"@type":"WebPage","@id":"https:\/\/www.gremi-obres.org\/constructores-i-model-bim-entrevista-a-gorka-gibert-alonso\/","url":"https:\/\/www.gremi-obres.org\/constructores-i-model-bim-entrevista-a-gorka-gibert-alonso\/","name":"Constructores i model BIM. Entrevista a Gorka Gibert Alonso - Gremi de Constructors d&#039;Obres de Barcelona i Comarques","isPartOf":{"@id":"https:\/\/www.gremi-obres.org\/#website"},"primaryImageOfPage":{"@id":"https:\/\/www.gremi-obres.org\/constructores-i-model-bim-entrevista-a-gorka-gibert-alonso\/#primaryimage"},"image":{"@id":"https:\/\/www.gremi-obres.org\/constructores-i-model-bim-entrevista-a-gorka-gibert-alonso\/#primaryimage"},"thumbnailUrl":"https:\/\/www.gremi-obres.org\/wp-content\/uploads\/2019\/09\/1adaa4ab-3e8b-4d3b-82e0-d62551b25b01-twittter.jpg","datePublished":"2019-09-06T09:35:33+00:00","dateModified":"2019-09-06T10:48:20+00:00","author":{"@id":"https:\/\/www.gremi-obres.org\/#\/schema\/person\/0899d1bf9c0590005d47809f9315d840"},"breadcrumb":{"@id":"https:\/\/www.gremi-obres.org\/constructores-i-model-bim-entrevista-a-gorka-gibert-alonso\/#breadcrumb"},"inLanguage":"es","potentialAction":[{"@type":"ReadAction","target":["https:\/\/www.gremi-obres.org\/constructores-i-model-bim-entrevista-a-gorka-gibert-alonso\/"]}]},{"@type":"ImageObject","inLanguage":"es","@id":"https:\/\/www.gremi-obres.org\/constructores-i-model-bim-entrevista-a-gorka-gibert-alonso\/#primaryimage","url":"https:\/\/www.gremi-obres.org\/wp-content\/uploads\/2019\/09\/1adaa4ab-3e8b-4d3b-82e0-d62551b25b01-twittter.jpg","contentUrl":"https:\/\/www.gremi-obres.org\/wp-content\/uploads\/2019\/09\/1adaa4ab-3e8b-4d3b-82e0-d62551b25b01-twittter.jpg","width":640,"height":428,"caption":"????????????????????????????????????"},{"@type":"BreadcrumbList","@id":"https:\/\/www.gremi-obres.org\/constructores-i-model-bim-entrevista-a-gorka-gibert-alonso\/#breadcrumb","itemListElement":[{"@type":"ListItem","position":1,"name":"Inici","item":"https:\/\/www.gremi-obres.org\/es\/"},{"@type":"ListItem","position":2,"name":"Constructores i model BIM. Entrevista a Gorka Gibert Alonso"}]},{"@type":"WebSite","@id":"https:\/\/www.gremi-obres.org\/#website","url":"https:\/\/www.gremi-obres.org\/","name":"Gremi de Constructors d&#039;Obres de Barcelona i Comarques","description":"La missi\u00f3 del Gremi \u00e9s la de defensar els  interessos de les empreses constructores i rehabilitadores agremiades i recolzar-les en les necessitats de la seva activitat mitjan\u00e7ant serveis, recursos, formaci\u00f3, assessorament i informaci\u00f3","potentialAction":[{"@type":"SearchAction","target":{"@type":"EntryPoint","urlTemplate":"https:\/\/www.gremi-obres.org\/?s={search_term_string}"},"query-input":{"@type":"PropertyValueSpecification","valueRequired":true,"valueName":"search_term_string"}}],"inLanguage":"es"},{"@type":"Person","@id":"https:\/\/www.gremi-obres.org\/#\/schema\/person\/0899d1bf9c0590005d47809f9315d840","name":"admin","image":{"@type":"ImageObject","inLanguage":"es","@id":"https:\/\/www.gremi-obres.org\/#\/schema\/person\/image\/","url":"https:\/\/secure.gravatar.com\/avatar\/01f1708c07ad1e96486b333b447c55a6639abb2e7fe8911639cdafa4ee687367?s=96&d=mm&r=g","contentUrl":"https:\/\/secure.gravatar.com\/avatar\/01f1708c07ad1e96486b333b447c55a6639abb2e7fe8911639cdafa4ee687367?s=96&d=mm&r=g","caption":"admin"},"url":"https:\/\/www.gremi-obres.org\/es\/author\/admin\/"}]}},"jetpack_featured_media_url":"https:\/\/www.gremi-obres.org\/wp-content\/uploads\/2019\/09\/1adaa4ab-3e8b-4d3b-82e0-d62551b25b01-twittter.jpg","_links":{"self":[{"href":"https:\/\/www.gremi-obres.org\/es\/wp-json\/wp\/v2\/posts\/23931","targetHints":{"allow":["GET"]}}],"collection":[{"href":"https:\/\/www.gremi-obres.org\/es\/wp-json\/wp\/v2\/posts"}],"about":[{"href":"https:\/\/www.gremi-obres.org\/es\/wp-json\/wp\/v2\/types\/post"}],"author":[{"embeddable":true,"href":"https:\/\/www.gremi-obres.org\/es\/wp-json\/wp\/v2\/users\/1"}],"replies":[{"embeddable":true,"href":"https:\/\/www.gremi-obres.org\/es\/wp-json\/wp\/v2\/comments?post=23931"}],"version-history":[{"count":1,"href":"https:\/\/www.gremi-obres.org\/es\/wp-json\/wp\/v2\/posts\/23931\/revisions"}],"predecessor-version":[{"id":23932,"href":"https:\/\/www.gremi-obres.org\/es\/wp-json\/wp\/v2\/posts\/23931\/revisions\/23932"}],"wp:featuredmedia":[{"embeddable":true,"href":"https:\/\/www.gremi-obres.org\/es\/wp-json\/wp\/v2\/media\/23926"}],"wp:attachment":[{"href":"https:\/\/www.gremi-obres.org\/es\/wp-json\/wp\/v2\/media?parent=23931"}],"wp:term":[{"taxonomy":"category","embeddable":true,"href":"https:\/\/www.gremi-obres.org\/es\/wp-json\/wp\/v2\/categories?post=23931"},{"taxonomy":"post_tag","embeddable":true,"href":"https:\/\/www.gremi-obres.org\/es\/wp-json\/wp\/v2\/tags?post=23931"}],"curies":[{"name":"wp","href":"https:\/\/api.w.org\/{rel}","templated":true}]}}