{"id":23675,"date":"2019-07-02T15:29:52","date_gmt":"2019-07-02T07:29:52","guid":{"rendered":"https:\/\/gremi-obres.org\/la-generalitat-avala-el-segell-consta-que-dona-garanties-a-particulars-projectistes-i-administradors-de-finques-que-contracten-obres-de-rehabilitacio-en-els-seus-habitatges\/"},"modified":"2019-07-02T16:22:05","modified_gmt":"2019-07-02T08:22:05","slug":"la-generalitat-avala-el-segell-consta-que-dona-garanties-a-particulars-projectistes-i-administradors-de-finques-que-contracten-obres-de-rehabilitacio-en-els-seus-habitatges","status":"publish","type":"post","link":"https:\/\/www.gremi-obres.org\/es\/la-generalitat-avala-el-segell-consta-que-dona-garanties-a-particulars-projectistes-i-administradors-de-finques-que-contracten-obres-de-rehabilitacio-en-els-seus-habitatges\/","title":{"rendered":"La Generalitat avala el segell Consta que dona garanties a particulars, projectistes i administradors de finques que contracten obres de rehabilitaci\u00f3 en els seus habitatges"},"content":{"rendered":"<h4 style=\"text-align: left;\">Amb aquest conveni la Generalitat de Catalunya es compromet a promoure la difusi\u00f3 d\u2019aquest Registre Consta com a aposta per la professionalitat i qualitat en el sector de la rehabilitaci\u00f3 d\u2019habitatges<\/h4>\n<h5 style=\"text-align: left;\">\u2022 La Llei de l\u2019habitatge de Catalunya ja preveu la creaci\u00f3 d\u2019un Registre d\u2019empreses constructores<\/h5>\n<h5 style=\"text-align: left;\">\u2022 La inscripci\u00f3 al Registre Consta \u00e9s volunt\u00e0ria per\u00f2 aporta valor afegit a les empreses ja que d\u00f3na garanties de professionalitat i qualitat<\/h5>\n<p style=\"text-align: left;\">El secretari d\u2019H\u00e0bitat Urb\u00e0 i Territori, Agust\u00ed Serra, la directora de l\u2019Ag\u00e8ncia de l\u2019Habitatge de Catalunya, Judith Gifreu, i el president de la Fundaci\u00f3 Privada per a la Ordenaci\u00f3 del Sector de la Construcci\u00f3 a Catalunya, Josep A. Mart\u00ednez, han signat un conveni de col\u00b7laboraci\u00f3 per difondre el segell Consta que s\u2019atorgar\u00e0 a les empreses que fan obres de rehabilitaci\u00f3 d\u2019habitatges que estiguin inscrites al Registre d\u2019empreses constructores.<\/p>\n<p style=\"text-align: left;\">La Fundaci\u00f3 Privada per a l\u2019Ordenaci\u00f3 del Sector de la Construcci\u00f3 de Catalunya constitu\u00efda conjuntament per la Cambra Oficial de Contractistes d\u2019Obres deCatalunya i el Gremi de Constructors d\u2019Obres de de Barcelona i Comarques \u00e9s una entitat sense \u00e0nim de lucre que es va constituir l\u2019any 2006 per donar al sector de la construcci\u00f3 major transpar\u00e8ncia i facilitar als clients, sobretot als particulars no professionals, una contractaci\u00f3 de les seves obres de rehabilitaci\u00f3 amb garanties.<\/p>\n<p style=\"text-align: left;\">Els articles 52 i 56 de la Llei 18\/2007, del dret a l\u2019habitatge, ja preveuen la possibilitat de crear un registre d\u2019empreses que ara s\u2019ha concretat en el Registre Consta, que \u00e9s voluntari i en el qual s\u2019hi poden inscriure les empreses constructores que vulguin fomentar valors com la transpar\u00e8ncia, l\u2019atenci\u00f3 al client, la documentaci\u00f3 de les relacions, l\u2019atenci\u00f3 diligent de tot tipus de queixes o reclamacions realitzades pels clients, la responsabilitat, la qualitat i la prevenci\u00f3 de riscos laborals.<\/p>\n<p style=\"text-align: left;\">1 de juliol de 2019<\/p>\n<p><a href=\"https:\/\/gremi-obres.org\/wp-content\/uploads\/2019\/07\/conveni-consta-certificat.pdf\" target=\"_blank\" rel=\"noopener noreferrer\">&#8211;&gt; NOTA DE EN PDF &lt;&#8211;<\/a><a href=\"https:\/\/gremi-obres.org\/wp-content\/uploads\/2019\/07\/conveni-consta-certificat.pdf\" target=\"_blank\" rel=\"noopener noreferrer\"><img loading=\"lazy\" decoding=\"async\" class=\"aligncenter wp-image-23672 size-full\" src=\"https:\/\/gremi-obres.org\/wp-content\/uploads\/2019\/07\/nota-de-premsa.png\" alt=\"\" width=\"1574\" height=\"816\" srcset=\"https:\/\/www.gremi-obres.org\/wp-content\/uploads\/2019\/07\/nota-de-premsa.png 1574w, https:\/\/www.gremi-obres.org\/wp-content\/uploads\/2019\/07\/nota-de-premsa-300x156.png 300w, https:\/\/www.gremi-obres.org\/wp-content\/uploads\/2019\/07\/nota-de-premsa-768x398.png 768w, https:\/\/www.gremi-obres.org\/wp-content\/uploads\/2019\/07\/nota-de-premsa-1024x531.png 1024w, https:\/\/www.gremi-obres.org\/wp-content\/uploads\/2019\/07\/nota-de-premsa-700x363.png 700w, https:\/\/www.gremi-obres.org\/wp-content\/uploads\/2019\/07\/nota-de-premsa-600x311.png 600w\" sizes=\"auto, (max-width: 1574px) 100vw, 1574px\" \/><\/a><\/p>\n<p>&nbsp;<\/p>\n","protected":false},"excerpt":{"rendered":"<p>Amb aquest conveni la Generalitat de Catalunya es compromet a promoure la difusi\u00f3 d\u2019aquest Registre Consta com a aposta per la professionalitat i qualitat en el sector de la rehabilitaci\u00f3 d\u2019habitatges \u2022 La Llei de l\u2019habitatge de Catalunya ja preveu la creaci\u00f3 d\u2019un Registre d\u2019empreses constructores \u2022 La inscripci\u00f3 al Registre Consta \u00e9s volunt\u00e0ria per\u00f2 aporta valor afegit a les empreses ja que d\u00f3na garanties de professionalitat i qualitat El secretari d\u2019H\u00e0bitat Urb\u00e0 i Territori, Agust\u00ed Serra, la directora de l\u2019Ag\u00e8ncia de l\u2019Habitatge de Catalunya, Judith Gifreu, i el president de la Fundaci\u00f3 Privada per a la Ordenaci\u00f3 del Sector<\/p>\n","protected":false},"author":1,"featured_media":23671,"comment_status":"open","ping_status":"open","sticky":false,"template":"","format":"standard","meta":{"_acf_changed":false,"footnotes":""},"categories":[546,548],"tags":[],"class_list":["post-23675","post","type-post","status-publish","format-standard","has-post-thumbnail","hentry","category-noticies-es","category-reportatges-es"],"acf":[],"yoast_head":"<!-- This site is optimized with the Yoast SEO plugin v26.6 - https:\/\/yoast.com\/wordpress\/plugins\/seo\/ -->\n<title>La Generalitat avala el segell Consta que dona garanties a particulars, projectistes i administradors de finques que contracten obres de rehabilitaci\u00f3 en els seus habitatges - Gremi de Constructors d&#039;Obres de Barcelona i Comarques<\/title>\n<meta name=\"robots\" content=\"index, follow, max-snippet:-1, max-image-preview:large, max-video-preview:-1\" \/>\n<link rel=\"canonical\" href=\"https:\/\/www.gremi-obres.org\/la-generalitat-avala-el-segell-consta-que-dona-garanties-a-particulars-projectistes-i-administradors-de-finques-que-contracten-obres-de-rehabilitacio-en-els-seus-habitatges\/\" \/>\n<meta property=\"og:locale\" content=\"es_ES\" \/>\n<meta property=\"og:type\" content=\"article\" \/>\n<meta property=\"og:title\" content=\"La Generalitat avala el segell Consta que dona garanties a particulars, projectistes i administradors de finques que contracten obres de rehabilitaci\u00f3 en els seus habitatges - Gremi de Constructors d&#039;Obres de Barcelona i Comarques\" \/>\n<meta property=\"og:description\" content=\"Amb aquest conveni la Generalitat de Catalunya es compromet a promoure la difusi\u00f3 d\u2019aquest Registre Consta com a aposta per la professionalitat i qualitat en el sector de la rehabilitaci\u00f3 d\u2019habitatges \u2022 La Llei de l\u2019habitatge de Catalunya ja preveu la creaci\u00f3 d\u2019un Registre d\u2019empreses constructores \u2022 La inscripci\u00f3 al Registre Consta \u00e9s volunt\u00e0ria per\u00f2 aporta valor afegit a les empreses ja que d\u00f3na garanties de professionalitat i qualitat El secretari d\u2019H\u00e0bitat Urb\u00e0 i Territori, Agust\u00ed Serra, la directora de l\u2019Ag\u00e8ncia de l\u2019Habitatge de Catalunya, Judith Gifreu, i el president de la Fundaci\u00f3 Privada per a la Ordenaci\u00f3 del Sector\" \/>\n<meta property=\"og:url\" content=\"https:\/\/www.gremi-obres.org\/la-generalitat-avala-el-segell-consta-que-dona-garanties-a-particulars-projectistes-i-administradors-de-finques-que-contracten-obres-de-rehabilitacio-en-els-seus-habitatges\/\" \/>\n<meta property=\"og:site_name\" content=\"Gremi de Constructors d&#039;Obres de Barcelona i Comarques\" \/>\n<meta property=\"article:published_time\" content=\"2019-07-02T07:29:52+00:00\" \/>\n<meta property=\"article:modified_time\" content=\"2019-07-02T08:22:05+00:00\" \/>\n<meta property=\"og:image\" content=\"https:\/\/www.gremi-obres.org\/wp-content\/uploads\/2019\/07\/CONSTA-SIGNATURA-CONVENI.jpg\" \/>\n\t<meta property=\"og:image:width\" content=\"2080\" \/>\n\t<meta property=\"og:image:height\" content=\"787\" \/>\n\t<meta property=\"og:image:type\" content=\"image\/jpeg\" \/>\n<meta name=\"author\" content=\"admin\" \/>\n<meta name=\"twitter:card\" content=\"summary_large_image\" \/>\n<meta name=\"twitter:label1\" content=\"Escrito por\" \/>\n\t<meta name=\"twitter:data1\" content=\"admin\" \/>\n\t<meta name=\"twitter:label2\" content=\"Tiempo de lectura\" \/>\n\t<meta name=\"twitter:data2\" content=\"2 minutos\" \/>\n<script type=\"application\/ld+json\" class=\"yoast-schema-graph\">{\"@context\":\"https:\/\/schema.org\",\"@graph\":[{\"@type\":\"WebPage\",\"@id\":\"https:\/\/www.gremi-obres.org\/la-generalitat-avala-el-segell-consta-que-dona-garanties-a-particulars-projectistes-i-administradors-de-finques-que-contracten-obres-de-rehabilitacio-en-els-seus-habitatges\/\",\"url\":\"https:\/\/www.gremi-obres.org\/la-generalitat-avala-el-segell-consta-que-dona-garanties-a-particulars-projectistes-i-administradors-de-finques-que-contracten-obres-de-rehabilitacio-en-els-seus-habitatges\/\",\"name\":\"La Generalitat avala el segell Consta que dona garanties a particulars, projectistes i administradors de finques que contracten obres de rehabilitaci\u00f3 en els seus habitatges - Gremi de Constructors d&#039;Obres de Barcelona i Comarques\",\"isPartOf\":{\"@id\":\"https:\/\/www.gremi-obres.org\/#website\"},\"primaryImageOfPage\":{\"@id\":\"https:\/\/www.gremi-obres.org\/la-generalitat-avala-el-segell-consta-que-dona-garanties-a-particulars-projectistes-i-administradors-de-finques-que-contracten-obres-de-rehabilitacio-en-els-seus-habitatges\/#primaryimage\"},\"image\":{\"@id\":\"https:\/\/www.gremi-obres.org\/la-generalitat-avala-el-segell-consta-que-dona-garanties-a-particulars-projectistes-i-administradors-de-finques-que-contracten-obres-de-rehabilitacio-en-els-seus-habitatges\/#primaryimage\"},\"thumbnailUrl\":\"https:\/\/www.gremi-obres.org\/wp-content\/uploads\/2019\/07\/CONSTA-SIGNATURA-CONVENI.jpg\",\"datePublished\":\"2019-07-02T07:29:52+00:00\",\"dateModified\":\"2019-07-02T08:22:05+00:00\",\"author\":{\"@id\":\"https:\/\/www.gremi-obres.org\/#\/schema\/person\/0899d1bf9c0590005d47809f9315d840\"},\"breadcrumb\":{\"@id\":\"https:\/\/www.gremi-obres.org\/la-generalitat-avala-el-segell-consta-que-dona-garanties-a-particulars-projectistes-i-administradors-de-finques-que-contracten-obres-de-rehabilitacio-en-els-seus-habitatges\/#breadcrumb\"},\"inLanguage\":\"es\",\"potentialAction\":[{\"@type\":\"ReadAction\",\"target\":[\"https:\/\/www.gremi-obres.org\/la-generalitat-avala-el-segell-consta-que-dona-garanties-a-particulars-projectistes-i-administradors-de-finques-que-contracten-obres-de-rehabilitacio-en-els-seus-habitatges\/\"]}]},{\"@type\":\"ImageObject\",\"inLanguage\":\"es\",\"@id\":\"https:\/\/www.gremi-obres.org\/la-generalitat-avala-el-segell-consta-que-dona-garanties-a-particulars-projectistes-i-administradors-de-finques-que-contracten-obres-de-rehabilitacio-en-els-seus-habitatges\/#primaryimage\",\"url\":\"https:\/\/www.gremi-obres.org\/wp-content\/uploads\/2019\/07\/CONSTA-SIGNATURA-CONVENI.jpg\",\"contentUrl\":\"https:\/\/www.gremi-obres.org\/wp-content\/uploads\/2019\/07\/CONSTA-SIGNATURA-CONVENI.jpg\",\"width\":2080,\"height\":787},{\"@type\":\"BreadcrumbList\",\"@id\":\"https:\/\/www.gremi-obres.org\/la-generalitat-avala-el-segell-consta-que-dona-garanties-a-particulars-projectistes-i-administradors-de-finques-que-contracten-obres-de-rehabilitacio-en-els-seus-habitatges\/#breadcrumb\",\"itemListElement\":[{\"@type\":\"ListItem\",\"position\":1,\"name\":\"Inici\",\"item\":\"https:\/\/www.gremi-obres.org\/es\/\"},{\"@type\":\"ListItem\",\"position\":2,\"name\":\"La Generalitat avala el segell Consta que dona garanties a particulars, projectistes i administradors de finques que contracten obres de rehabilitaci\u00f3 en els seus habitatges\"}]},{\"@type\":\"WebSite\",\"@id\":\"https:\/\/www.gremi-obres.org\/#website\",\"url\":\"https:\/\/www.gremi-obres.org\/\",\"name\":\"Gremi de Constructors d&#039;Obres de Barcelona i Comarques\",\"description\":\"La missi\u00f3 del Gremi \u00e9s la de defensar els  interessos de les empreses constructores i rehabilitadores agremiades i recolzar-les en les necessitats de la seva activitat mitjan\u00e7ant serveis, recursos, formaci\u00f3, assessorament i informaci\u00f3\",\"potentialAction\":[{\"@type\":\"SearchAction\",\"target\":{\"@type\":\"EntryPoint\",\"urlTemplate\":\"https:\/\/www.gremi-obres.org\/?s={search_term_string}\"},\"query-input\":{\"@type\":\"PropertyValueSpecification\",\"valueRequired\":true,\"valueName\":\"search_term_string\"}}],\"inLanguage\":\"es\"},{\"@type\":\"Person\",\"@id\":\"https:\/\/www.gremi-obres.org\/#\/schema\/person\/0899d1bf9c0590005d47809f9315d840\",\"name\":\"admin\",\"image\":{\"@type\":\"ImageObject\",\"inLanguage\":\"es\",\"@id\":\"https:\/\/www.gremi-obres.org\/#\/schema\/person\/image\/\",\"url\":\"https:\/\/secure.gravatar.com\/avatar\/01f1708c07ad1e96486b333b447c55a6639abb2e7fe8911639cdafa4ee687367?s=96&d=mm&r=g\",\"contentUrl\":\"https:\/\/secure.gravatar.com\/avatar\/01f1708c07ad1e96486b333b447c55a6639abb2e7fe8911639cdafa4ee687367?s=96&d=mm&r=g\",\"caption\":\"admin\"},\"url\":\"https:\/\/www.gremi-obres.org\/es\/author\/admin\/\"}]}<\/script>\n<!-- \/ Yoast SEO plugin. -->","yoast_head_json":{"title":"La Generalitat avala el segell Consta que dona garanties a particulars, projectistes i administradors de finques que contracten obres de rehabilitaci\u00f3 en els seus habitatges - Gremi de Constructors d&#039;Obres de Barcelona i Comarques","robots":{"index":"index","follow":"follow","max-snippet":"max-snippet:-1","max-image-preview":"max-image-preview:large","max-video-preview":"max-video-preview:-1"},"canonical":"https:\/\/www.gremi-obres.org\/la-generalitat-avala-el-segell-consta-que-dona-garanties-a-particulars-projectistes-i-administradors-de-finques-que-contracten-obres-de-rehabilitacio-en-els-seus-habitatges\/","og_locale":"es_ES","og_type":"article","og_title":"La Generalitat avala el segell Consta que dona garanties a particulars, projectistes i administradors de finques que contracten obres de rehabilitaci\u00f3 en els seus habitatges - Gremi de Constructors d&#039;Obres de Barcelona i Comarques","og_description":"Amb aquest conveni la Generalitat de Catalunya es compromet a promoure la difusi\u00f3 d\u2019aquest Registre Consta com a aposta per la professionalitat i qualitat en el sector de la rehabilitaci\u00f3 d\u2019habitatges \u2022 La Llei de l\u2019habitatge de Catalunya ja preveu la creaci\u00f3 d\u2019un Registre d\u2019empreses constructores \u2022 La inscripci\u00f3 al Registre Consta \u00e9s volunt\u00e0ria per\u00f2 aporta valor afegit a les empreses ja que d\u00f3na garanties de professionalitat i qualitat El secretari d\u2019H\u00e0bitat Urb\u00e0 i Territori, Agust\u00ed Serra, la directora de l\u2019Ag\u00e8ncia de l\u2019Habitatge de Catalunya, Judith Gifreu, i el president de la Fundaci\u00f3 Privada per a la Ordenaci\u00f3 del Sector","og_url":"https:\/\/www.gremi-obres.org\/la-generalitat-avala-el-segell-consta-que-dona-garanties-a-particulars-projectistes-i-administradors-de-finques-que-contracten-obres-de-rehabilitacio-en-els-seus-habitatges\/","og_site_name":"Gremi de Constructors d&#039;Obres de Barcelona i Comarques","article_published_time":"2019-07-02T07:29:52+00:00","article_modified_time":"2019-07-02T08:22:05+00:00","og_image":[{"width":2080,"height":787,"url":"https:\/\/www.gremi-obres.org\/wp-content\/uploads\/2019\/07\/CONSTA-SIGNATURA-CONVENI.jpg","type":"image\/jpeg"}],"author":"admin","twitter_card":"summary_large_image","twitter_misc":{"Escrito por":"admin","Tiempo de lectura":"2 minutos"},"schema":{"@context":"https:\/\/schema.org","@graph":[{"@type":"WebPage","@id":"https:\/\/www.gremi-obres.org\/la-generalitat-avala-el-segell-consta-que-dona-garanties-a-particulars-projectistes-i-administradors-de-finques-que-contracten-obres-de-rehabilitacio-en-els-seus-habitatges\/","url":"https:\/\/www.gremi-obres.org\/la-generalitat-avala-el-segell-consta-que-dona-garanties-a-particulars-projectistes-i-administradors-de-finques-que-contracten-obres-de-rehabilitacio-en-els-seus-habitatges\/","name":"La Generalitat avala el segell Consta que dona garanties a particulars, projectistes i administradors de finques que contracten obres de rehabilitaci\u00f3 en els seus habitatges - Gremi de Constructors d&#039;Obres de Barcelona i Comarques","isPartOf":{"@id":"https:\/\/www.gremi-obres.org\/#website"},"primaryImageOfPage":{"@id":"https:\/\/www.gremi-obres.org\/la-generalitat-avala-el-segell-consta-que-dona-garanties-a-particulars-projectistes-i-administradors-de-finques-que-contracten-obres-de-rehabilitacio-en-els-seus-habitatges\/#primaryimage"},"image":{"@id":"https:\/\/www.gremi-obres.org\/la-generalitat-avala-el-segell-consta-que-dona-garanties-a-particulars-projectistes-i-administradors-de-finques-que-contracten-obres-de-rehabilitacio-en-els-seus-habitatges\/#primaryimage"},"thumbnailUrl":"https:\/\/www.gremi-obres.org\/wp-content\/uploads\/2019\/07\/CONSTA-SIGNATURA-CONVENI.jpg","datePublished":"2019-07-02T07:29:52+00:00","dateModified":"2019-07-02T08:22:05+00:00","author":{"@id":"https:\/\/www.gremi-obres.org\/#\/schema\/person\/0899d1bf9c0590005d47809f9315d840"},"breadcrumb":{"@id":"https:\/\/www.gremi-obres.org\/la-generalitat-avala-el-segell-consta-que-dona-garanties-a-particulars-projectistes-i-administradors-de-finques-que-contracten-obres-de-rehabilitacio-en-els-seus-habitatges\/#breadcrumb"},"inLanguage":"es","potentialAction":[{"@type":"ReadAction","target":["https:\/\/www.gremi-obres.org\/la-generalitat-avala-el-segell-consta-que-dona-garanties-a-particulars-projectistes-i-administradors-de-finques-que-contracten-obres-de-rehabilitacio-en-els-seus-habitatges\/"]}]},{"@type":"ImageObject","inLanguage":"es","@id":"https:\/\/www.gremi-obres.org\/la-generalitat-avala-el-segell-consta-que-dona-garanties-a-particulars-projectistes-i-administradors-de-finques-que-contracten-obres-de-rehabilitacio-en-els-seus-habitatges\/#primaryimage","url":"https:\/\/www.gremi-obres.org\/wp-content\/uploads\/2019\/07\/CONSTA-SIGNATURA-CONVENI.jpg","contentUrl":"https:\/\/www.gremi-obres.org\/wp-content\/uploads\/2019\/07\/CONSTA-SIGNATURA-CONVENI.jpg","width":2080,"height":787},{"@type":"BreadcrumbList","@id":"https:\/\/www.gremi-obres.org\/la-generalitat-avala-el-segell-consta-que-dona-garanties-a-particulars-projectistes-i-administradors-de-finques-que-contracten-obres-de-rehabilitacio-en-els-seus-habitatges\/#breadcrumb","itemListElement":[{"@type":"ListItem","position":1,"name":"Inici","item":"https:\/\/www.gremi-obres.org\/es\/"},{"@type":"ListItem","position":2,"name":"La Generalitat avala el segell Consta que dona garanties a particulars, projectistes i administradors de finques que contracten obres de rehabilitaci\u00f3 en els seus habitatges"}]},{"@type":"WebSite","@id":"https:\/\/www.gremi-obres.org\/#website","url":"https:\/\/www.gremi-obres.org\/","name":"Gremi de Constructors d&#039;Obres de Barcelona i Comarques","description":"La missi\u00f3 del Gremi \u00e9s la de defensar els  interessos de les empreses constructores i rehabilitadores agremiades i recolzar-les en les necessitats de la seva activitat mitjan\u00e7ant serveis, recursos, formaci\u00f3, assessorament i informaci\u00f3","potentialAction":[{"@type":"SearchAction","target":{"@type":"EntryPoint","urlTemplate":"https:\/\/www.gremi-obres.org\/?s={search_term_string}"},"query-input":{"@type":"PropertyValueSpecification","valueRequired":true,"valueName":"search_term_string"}}],"inLanguage":"es"},{"@type":"Person","@id":"https:\/\/www.gremi-obres.org\/#\/schema\/person\/0899d1bf9c0590005d47809f9315d840","name":"admin","image":{"@type":"ImageObject","inLanguage":"es","@id":"https:\/\/www.gremi-obres.org\/#\/schema\/person\/image\/","url":"https:\/\/secure.gravatar.com\/avatar\/01f1708c07ad1e96486b333b447c55a6639abb2e7fe8911639cdafa4ee687367?s=96&d=mm&r=g","contentUrl":"https:\/\/secure.gravatar.com\/avatar\/01f1708c07ad1e96486b333b447c55a6639abb2e7fe8911639cdafa4ee687367?s=96&d=mm&r=g","caption":"admin"},"url":"https:\/\/www.gremi-obres.org\/es\/author\/admin\/"}]}},"jetpack_featured_media_url":"https:\/\/www.gremi-obres.org\/wp-content\/uploads\/2019\/07\/CONSTA-SIGNATURA-CONVENI.jpg","_links":{"self":[{"href":"https:\/\/www.gremi-obres.org\/es\/wp-json\/wp\/v2\/posts\/23675","targetHints":{"allow":["GET"]}}],"collection":[{"href":"https:\/\/www.gremi-obres.org\/es\/wp-json\/wp\/v2\/posts"}],"about":[{"href":"https:\/\/www.gremi-obres.org\/es\/wp-json\/wp\/v2\/types\/post"}],"author":[{"embeddable":true,"href":"https:\/\/www.gremi-obres.org\/es\/wp-json\/wp\/v2\/users\/1"}],"replies":[{"embeddable":true,"href":"https:\/\/www.gremi-obres.org\/es\/wp-json\/wp\/v2\/comments?post=23675"}],"version-history":[{"count":3,"href":"https:\/\/www.gremi-obres.org\/es\/wp-json\/wp\/v2\/posts\/23675\/revisions"}],"predecessor-version":[{"id":23683,"href":"https:\/\/www.gremi-obres.org\/es\/wp-json\/wp\/v2\/posts\/23675\/revisions\/23683"}],"wp:featuredmedia":[{"embeddable":true,"href":"https:\/\/www.gremi-obres.org\/es\/wp-json\/wp\/v2\/media\/23671"}],"wp:attachment":[{"href":"https:\/\/www.gremi-obres.org\/es\/wp-json\/wp\/v2\/media?parent=23675"}],"wp:term":[{"taxonomy":"category","embeddable":true,"href":"https:\/\/www.gremi-obres.org\/es\/wp-json\/wp\/v2\/categories?post=23675"},{"taxonomy":"post_tag","embeddable":true,"href":"https:\/\/www.gremi-obres.org\/es\/wp-json\/wp\/v2\/tags?post=23675"}],"curies":[{"name":"wp","href":"https:\/\/api.w.org\/{rel}","templated":true}]}}