{"id":23038,"date":"2019-02-22T16:41:31","date_gmt":"2019-02-22T08:41:31","guid":{"rendered":"https:\/\/gremi-obres.org\/es\/carta-dun-agremiat-atraure-llocs-treball-crear-llocs-treball-laprenentatge-dels-oficis-construccio\/"},"modified":"2019-02-22T18:19:43","modified_gmt":"2019-02-22T10:19:43","slug":"carta-dun-agremiat-atraure-llocs-treball-crear-llocs-treball-laprenentatge-dels-oficis-construccio","status":"publish","type":"post","link":"https:\/\/www.gremi-obres.org\/es\/carta-dun-agremiat-atraure-llocs-treball-crear-llocs-treball-laprenentatge-dels-oficis-construccio\/","title":{"rendered":"Carta d&#8217;un agremiat: Atraure llocs de treball i crear llocs de treball amb l\u2019aprenentatge dels oficis de la construcci\u00f3."},"content":{"rendered":"<h4><em>Idea per atraure possibles llocs de treball i, sobretot, la possibilitat de crear llocs de treball per als m\u00e9s joves amb la immediata conseq\u00fc\u00e8ncia de l\u2019aprenentatge dels oficis que ofereix el ram de la construcci\u00f3. <\/em><\/h4>\n<p>La idea principal surt d\u2019un senyor, gerent d\u2019una petita empresa de construcci\u00f3 amb m\u00e9s de 40 anys d\u2019experi\u00e8ncia.<\/p>\n<p>En primer lloc, es parteix sobre la base en les obres p\u00fabliques i la seva pol\u00edtica enfront als pobles i les petites empreses que puguin residir en ells. \u00c9s l\u00f2gic que una obra p\u00fablica de petita i mitjana envergadura, que podria anar des de la reforma d\u2019unes piscines municipals o les escoles, o nous projectes del mateix, hagin d\u2019executar-les empreses de l\u2019altre punta d\u2019Espanya?<\/p>\n<p>Tornant als or\u00edgens dels anys 80, anteriorment, quan es necessitava executar una obra p\u00fablica, l\u2019Ajuntament demanava una subvenci\u00f3 i s\u2019executava amb les empreses del poble o ve\u00efnes. Al llarg dels anys, el propi descontrol de tot el ram i la por de que les coses es donessin a dit, es va arribar a la contractaci\u00f3 i licitaci\u00f3 p\u00fablica mitjan\u00e7ant els concursos que avui en dia coneixem. No menys real, podem assegurar que no ha estat la manera d\u2019evitar els amiguismes, per\u00f2 ara, nom\u00e9s es beneficien les grans empreses i els que han tingut m\u00e9s poder. Aleshores, perqu\u00e8 no tornar als or\u00edgens i donar vida a les empreses petites i mitjanes dels pobles ve\u00efns i, a m\u00e9s, propiciar a l\u2019ensenyament de nous joves dels mateixos pobles amb aquestes obres p\u00fabliques?<\/p>\n<h4>A partir d\u2019aquesta pregunta, sorgeix tots els temes que comentarem a continuaci\u00f3.<\/h4>\n<p>La idea principal, com hem anticipat, \u00e9s fomentar el treball de les empreses m\u00e9s petites i que m\u00e9s b\u00e9 coneixen l\u2019entorn, donant-los prioritat per poder executar aquests projectes dins del seu territori i no hagi de venir una empresa amb treballadors subcontractats. Possiblement aquests tinguin unes condicions laborals que una empresa petita no pot assolir i, de ben segur, no els hi importar\u00e0 ni tampoc miraran de vetllar per l\u2019entorn el qual estan realitzant aquella obra de construcci\u00f3. No creiem que hi sortiria guanyant tothom en aquests \u00e0mbits? L\u2019empresa constructora tindria una obra en l\u2019entorn que m\u00e9s estima i de ben segur vetllaria perqu\u00e8 el projecte s\u2019execut\u00e9s de la millor manera i la connexi\u00f3 amb l\u2019ajuntament i la diputaci\u00f3 provincial seria de ben segur molt millor a l\u2019hora d\u2019executar-ne les obres. Per \u00faltim, aqu\u00ed enllacem amb l\u2019\u00faltim tema, que seria les sinergies que es podrien crear entre ajuntaments, diputacions i les empreses de l\u2019entorn.<\/p>\n<p>Per detallar millor el tema, no es podria buscar la manera perqu\u00e8 juntament amb les constructores m\u00e9s properes es firm\u00e9s un conveni per tal de fer unes pr\u00e0ctiques totalment in situ, vigilats i ensenyats pels aut\u00e8ntics paletes d\u2019enguany? Tots els del ram de la construcci\u00f3 estarem d\u2019acord que s\u2019estan perdent els oficis en si, \u00e9s a dir, aquell paleta aut\u00e8ntic capa\u00e7 de dur a terme o coordinar tots els treballs d\u2019una obra juntament amb l\u2019ofici de fuster, el llauner o l\u2019electricista.<\/p>\n<p>\u00d2bviament, per a construir aquesta proposta, les sinergies han d\u2019estar distribu\u00efdes amb ajudes que podrien sortir de les mateixes subvencions i, sense cap mena de dubte, el pa\u00eds guanyaria mantenint les seves petites i mitjanes empreses que vetllen el seu territori i els seus oficis, i \u00f2bviament els m\u00e9s joves, que podrien rebre un ensenyament a peu d\u2019obra per forjar el seu futur ofici com es feia anteriorment!! <strong>\u00a0\u00a0\u00a0\u00a0\u00a0\u00a0\u00a0\u00a0<\/strong><\/p>\n<p>&nbsp;<\/p>\n<h1>CONSTRUCCIONS<br \/>\nGermans Mart\u00edn, S.A.<\/h1>\n<h2>MONTESQUIU<\/h2>\n<p>C.I.F.\u00a0 A-58.187.378<br \/>\nCarrer Montserrat, 5<br \/>\nTel. 93 852 90 84 -659 045 974<br \/>\ngermansmartinsa@gmail.com<br \/>\n08585 MONTESQUIU (Barcelona)<\/p>\n","protected":false},"excerpt":{"rendered":"<p>Idea per atraure possibles llocs de treball i, sobretot, la possibilitat de crear llocs de treball per als m\u00e9s joves amb la immediata conseq\u00fc\u00e8ncia de l\u2019aprenentatge dels oficis que ofereix el ram de la construcci\u00f3. La idea principal surt d\u2019un senyor, gerent d\u2019una petita empresa de construcci\u00f3 amb m\u00e9s de 40 anys d\u2019experi\u00e8ncia. En primer lloc, es parteix sobre la base en les obres p\u00fabliques i la seva pol\u00edtica enfront als pobles i les petites empreses que puguin residir en ells. \u00c9s l\u00f2gic que una obra p\u00fablica de petita i mitjana envergadura, que podria anar des de la reforma d\u2019unes<\/p>\n","protected":false},"author":1,"featured_media":23037,"comment_status":"open","ping_status":"open","sticky":false,"template":"","format":"standard","meta":{"_acf_changed":false,"footnotes":""},"categories":[550,546,547,548,348],"tags":[571,573,125,574,572,575],"class_list":["post-23038","post","type-post","status-publish","format-standard","has-post-thumbnail","hentry","category-espai-rehabilitacio-es","category-noticies-es","category-recomanem-es","category-reportatges-es","category-sin-categorizar","tag-agremiat","tag-agremiat-es","tag-construccio","tag-construccio-es","tag-montestquiu","tag-montestquiu-es"],"acf":[],"yoast_head":"<!-- This site is optimized with the Yoast SEO plugin v26.6 - https:\/\/yoast.com\/wordpress\/plugins\/seo\/ -->\n<title>Carta d&#039;un agremiat: Atraure llocs de treball i crear llocs de treball amb l\u2019aprenentatge dels oficis de la construcci\u00f3. - Gremi de Constructors d&#039;Obres de Barcelona i Comarques<\/title>\n<meta name=\"robots\" content=\"index, follow, max-snippet:-1, max-image-preview:large, max-video-preview:-1\" \/>\n<link rel=\"canonical\" href=\"https:\/\/www.gremi-obres.org\/carta-dun-agremiat-atraure-llocs-treball-crear-llocs-treball-laprenentatge-dels-oficis-construccio\/\" \/>\n<meta property=\"og:locale\" content=\"es_ES\" \/>\n<meta property=\"og:type\" content=\"article\" \/>\n<meta property=\"og:title\" content=\"Carta d&#039;un agremiat: Atraure llocs de treball i crear llocs de treball amb l\u2019aprenentatge dels oficis de la construcci\u00f3. - Gremi de Constructors d&#039;Obres de Barcelona i Comarques\" \/>\n<meta property=\"og:description\" content=\"Idea per atraure possibles llocs de treball i, sobretot, la possibilitat de crear llocs de treball per als m\u00e9s joves amb la immediata conseq\u00fc\u00e8ncia de l\u2019aprenentatge dels oficis que ofereix el ram de la construcci\u00f3. La idea principal surt d\u2019un senyor, gerent d\u2019una petita empresa de construcci\u00f3 amb m\u00e9s de 40 anys d\u2019experi\u00e8ncia. En primer lloc, es parteix sobre la base en les obres p\u00fabliques i la seva pol\u00edtica enfront als pobles i les petites empreses que puguin residir en ells. \u00c9s l\u00f2gic que una obra p\u00fablica de petita i mitjana envergadura, que podria anar des de la reforma d\u2019unes\" \/>\n<meta property=\"og:url\" content=\"https:\/\/www.gremi-obres.org\/carta-dun-agremiat-atraure-llocs-treball-crear-llocs-treball-laprenentatge-dels-oficis-construccio\/\" \/>\n<meta property=\"og:site_name\" content=\"Gremi de Constructors d&#039;Obres de Barcelona i Comarques\" \/>\n<meta property=\"article:published_time\" content=\"2019-02-22T08:41:31+00:00\" \/>\n<meta property=\"article:modified_time\" content=\"2019-02-22T10:19:43+00:00\" \/>\n<meta property=\"og:image\" content=\"https:\/\/www.gremi-obres.org\/wp-content\/uploads\/2019\/02\/agremiat-opina-carta-febrer-2019-1024x429.png\" \/>\n\t<meta property=\"og:image:width\" content=\"1024\" \/>\n\t<meta property=\"og:image:height\" content=\"429\" \/>\n\t<meta property=\"og:image:type\" content=\"image\/png\" \/>\n<meta name=\"author\" content=\"admin\" \/>\n<meta name=\"twitter:card\" content=\"summary_large_image\" \/>\n<meta name=\"twitter:label1\" content=\"Escrito por\" \/>\n\t<meta name=\"twitter:data1\" content=\"admin\" \/>\n\t<meta name=\"twitter:label2\" content=\"Tiempo de lectura\" \/>\n\t<meta name=\"twitter:data2\" content=\"3 minutos\" \/>\n<script type=\"application\/ld+json\" class=\"yoast-schema-graph\">{\"@context\":\"https:\/\/schema.org\",\"@graph\":[{\"@type\":\"WebPage\",\"@id\":\"https:\/\/www.gremi-obres.org\/carta-dun-agremiat-atraure-llocs-treball-crear-llocs-treball-laprenentatge-dels-oficis-construccio\/\",\"url\":\"https:\/\/www.gremi-obres.org\/carta-dun-agremiat-atraure-llocs-treball-crear-llocs-treball-laprenentatge-dels-oficis-construccio\/\",\"name\":\"Carta d'un agremiat: Atraure llocs de treball i crear llocs de treball amb l\u2019aprenentatge dels oficis de la construcci\u00f3. - Gremi de Constructors d&#039;Obres de Barcelona i Comarques\",\"isPartOf\":{\"@id\":\"https:\/\/www.gremi-obres.org\/#website\"},\"primaryImageOfPage\":{\"@id\":\"https:\/\/www.gremi-obres.org\/carta-dun-agremiat-atraure-llocs-treball-crear-llocs-treball-laprenentatge-dels-oficis-construccio\/#primaryimage\"},\"image\":{\"@id\":\"https:\/\/www.gremi-obres.org\/carta-dun-agremiat-atraure-llocs-treball-crear-llocs-treball-laprenentatge-dels-oficis-construccio\/#primaryimage\"},\"thumbnailUrl\":\"https:\/\/www.gremi-obres.org\/wp-content\/uploads\/2019\/02\/agremiat-opina-carta-febrer-2019.png\",\"datePublished\":\"2019-02-22T08:41:31+00:00\",\"dateModified\":\"2019-02-22T10:19:43+00:00\",\"author\":{\"@id\":\"https:\/\/www.gremi-obres.org\/#\/schema\/person\/0899d1bf9c0590005d47809f9315d840\"},\"breadcrumb\":{\"@id\":\"https:\/\/www.gremi-obres.org\/carta-dun-agremiat-atraure-llocs-treball-crear-llocs-treball-laprenentatge-dels-oficis-construccio\/#breadcrumb\"},\"inLanguage\":\"es\",\"potentialAction\":[{\"@type\":\"ReadAction\",\"target\":[\"https:\/\/www.gremi-obres.org\/carta-dun-agremiat-atraure-llocs-treball-crear-llocs-treball-laprenentatge-dels-oficis-construccio\/\"]}]},{\"@type\":\"ImageObject\",\"inLanguage\":\"es\",\"@id\":\"https:\/\/www.gremi-obres.org\/carta-dun-agremiat-atraure-llocs-treball-crear-llocs-treball-laprenentatge-dels-oficis-construccio\/#primaryimage\",\"url\":\"https:\/\/www.gremi-obres.org\/wp-content\/uploads\/2019\/02\/agremiat-opina-carta-febrer-2019.png\",\"contentUrl\":\"https:\/\/www.gremi-obres.org\/wp-content\/uploads\/2019\/02\/agremiat-opina-carta-febrer-2019.png\",\"width\":1917,\"height\":804,\"caption\":\"Publica la teva carta\"},{\"@type\":\"BreadcrumbList\",\"@id\":\"https:\/\/www.gremi-obres.org\/carta-dun-agremiat-atraure-llocs-treball-crear-llocs-treball-laprenentatge-dels-oficis-construccio\/#breadcrumb\",\"itemListElement\":[{\"@type\":\"ListItem\",\"position\":1,\"name\":\"Inici\",\"item\":\"https:\/\/www.gremi-obres.org\/es\/\"},{\"@type\":\"ListItem\",\"position\":2,\"name\":\"Carta d&#8217;un agremiat: Atraure llocs de treball i crear llocs de treball amb l\u2019aprenentatge dels oficis de la construcci\u00f3.\"}]},{\"@type\":\"WebSite\",\"@id\":\"https:\/\/www.gremi-obres.org\/#website\",\"url\":\"https:\/\/www.gremi-obres.org\/\",\"name\":\"Gremi de Constructors d&#039;Obres de Barcelona i Comarques\",\"description\":\"La missi\u00f3 del Gremi \u00e9s la de defensar els  interessos de les empreses constructores i rehabilitadores agremiades i recolzar-les en les necessitats de la seva activitat mitjan\u00e7ant serveis, recursos, formaci\u00f3, assessorament i informaci\u00f3\",\"potentialAction\":[{\"@type\":\"SearchAction\",\"target\":{\"@type\":\"EntryPoint\",\"urlTemplate\":\"https:\/\/www.gremi-obres.org\/?s={search_term_string}\"},\"query-input\":{\"@type\":\"PropertyValueSpecification\",\"valueRequired\":true,\"valueName\":\"search_term_string\"}}],\"inLanguage\":\"es\"},{\"@type\":\"Person\",\"@id\":\"https:\/\/www.gremi-obres.org\/#\/schema\/person\/0899d1bf9c0590005d47809f9315d840\",\"name\":\"admin\",\"image\":{\"@type\":\"ImageObject\",\"inLanguage\":\"es\",\"@id\":\"https:\/\/www.gremi-obres.org\/#\/schema\/person\/image\/\",\"url\":\"https:\/\/secure.gravatar.com\/avatar\/01f1708c07ad1e96486b333b447c55a6639abb2e7fe8911639cdafa4ee687367?s=96&d=mm&r=g\",\"contentUrl\":\"https:\/\/secure.gravatar.com\/avatar\/01f1708c07ad1e96486b333b447c55a6639abb2e7fe8911639cdafa4ee687367?s=96&d=mm&r=g\",\"caption\":\"admin\"},\"url\":\"https:\/\/www.gremi-obres.org\/es\/author\/admin\/\"}]}<\/script>\n<!-- \/ Yoast SEO plugin. -->","yoast_head_json":{"title":"Carta d'un agremiat: Atraure llocs de treball i crear llocs de treball amb l\u2019aprenentatge dels oficis de la construcci\u00f3. - Gremi de Constructors d&#039;Obres de Barcelona i Comarques","robots":{"index":"index","follow":"follow","max-snippet":"max-snippet:-1","max-image-preview":"max-image-preview:large","max-video-preview":"max-video-preview:-1"},"canonical":"https:\/\/www.gremi-obres.org\/carta-dun-agremiat-atraure-llocs-treball-crear-llocs-treball-laprenentatge-dels-oficis-construccio\/","og_locale":"es_ES","og_type":"article","og_title":"Carta d'un agremiat: Atraure llocs de treball i crear llocs de treball amb l\u2019aprenentatge dels oficis de la construcci\u00f3. - Gremi de Constructors d&#039;Obres de Barcelona i Comarques","og_description":"Idea per atraure possibles llocs de treball i, sobretot, la possibilitat de crear llocs de treball per als m\u00e9s joves amb la immediata conseq\u00fc\u00e8ncia de l\u2019aprenentatge dels oficis que ofereix el ram de la construcci\u00f3. La idea principal surt d\u2019un senyor, gerent d\u2019una petita empresa de construcci\u00f3 amb m\u00e9s de 40 anys d\u2019experi\u00e8ncia. En primer lloc, es parteix sobre la base en les obres p\u00fabliques i la seva pol\u00edtica enfront als pobles i les petites empreses que puguin residir en ells. \u00c9s l\u00f2gic que una obra p\u00fablica de petita i mitjana envergadura, que podria anar des de la reforma d\u2019unes","og_url":"https:\/\/www.gremi-obres.org\/carta-dun-agremiat-atraure-llocs-treball-crear-llocs-treball-laprenentatge-dels-oficis-construccio\/","og_site_name":"Gremi de Constructors d&#039;Obres de Barcelona i Comarques","article_published_time":"2019-02-22T08:41:31+00:00","article_modified_time":"2019-02-22T10:19:43+00:00","og_image":[{"width":1024,"height":429,"url":"https:\/\/www.gremi-obres.org\/wp-content\/uploads\/2019\/02\/agremiat-opina-carta-febrer-2019-1024x429.png","type":"image\/png"}],"author":"admin","twitter_card":"summary_large_image","twitter_misc":{"Escrito por":"admin","Tiempo de lectura":"3 minutos"},"schema":{"@context":"https:\/\/schema.org","@graph":[{"@type":"WebPage","@id":"https:\/\/www.gremi-obres.org\/carta-dun-agremiat-atraure-llocs-treball-crear-llocs-treball-laprenentatge-dels-oficis-construccio\/","url":"https:\/\/www.gremi-obres.org\/carta-dun-agremiat-atraure-llocs-treball-crear-llocs-treball-laprenentatge-dels-oficis-construccio\/","name":"Carta d'un agremiat: Atraure llocs de treball i crear llocs de treball amb l\u2019aprenentatge dels oficis de la construcci\u00f3. - Gremi de Constructors d&#039;Obres de Barcelona i Comarques","isPartOf":{"@id":"https:\/\/www.gremi-obres.org\/#website"},"primaryImageOfPage":{"@id":"https:\/\/www.gremi-obres.org\/carta-dun-agremiat-atraure-llocs-treball-crear-llocs-treball-laprenentatge-dels-oficis-construccio\/#primaryimage"},"image":{"@id":"https:\/\/www.gremi-obres.org\/carta-dun-agremiat-atraure-llocs-treball-crear-llocs-treball-laprenentatge-dels-oficis-construccio\/#primaryimage"},"thumbnailUrl":"https:\/\/www.gremi-obres.org\/wp-content\/uploads\/2019\/02\/agremiat-opina-carta-febrer-2019.png","datePublished":"2019-02-22T08:41:31+00:00","dateModified":"2019-02-22T10:19:43+00:00","author":{"@id":"https:\/\/www.gremi-obres.org\/#\/schema\/person\/0899d1bf9c0590005d47809f9315d840"},"breadcrumb":{"@id":"https:\/\/www.gremi-obres.org\/carta-dun-agremiat-atraure-llocs-treball-crear-llocs-treball-laprenentatge-dels-oficis-construccio\/#breadcrumb"},"inLanguage":"es","potentialAction":[{"@type":"ReadAction","target":["https:\/\/www.gremi-obres.org\/carta-dun-agremiat-atraure-llocs-treball-crear-llocs-treball-laprenentatge-dels-oficis-construccio\/"]}]},{"@type":"ImageObject","inLanguage":"es","@id":"https:\/\/www.gremi-obres.org\/carta-dun-agremiat-atraure-llocs-treball-crear-llocs-treball-laprenentatge-dels-oficis-construccio\/#primaryimage","url":"https:\/\/www.gremi-obres.org\/wp-content\/uploads\/2019\/02\/agremiat-opina-carta-febrer-2019.png","contentUrl":"https:\/\/www.gremi-obres.org\/wp-content\/uploads\/2019\/02\/agremiat-opina-carta-febrer-2019.png","width":1917,"height":804,"caption":"Publica la teva carta"},{"@type":"BreadcrumbList","@id":"https:\/\/www.gremi-obres.org\/carta-dun-agremiat-atraure-llocs-treball-crear-llocs-treball-laprenentatge-dels-oficis-construccio\/#breadcrumb","itemListElement":[{"@type":"ListItem","position":1,"name":"Inici","item":"https:\/\/www.gremi-obres.org\/es\/"},{"@type":"ListItem","position":2,"name":"Carta d&#8217;un agremiat: Atraure llocs de treball i crear llocs de treball amb l\u2019aprenentatge dels oficis de la construcci\u00f3."}]},{"@type":"WebSite","@id":"https:\/\/www.gremi-obres.org\/#website","url":"https:\/\/www.gremi-obres.org\/","name":"Gremi de Constructors d&#039;Obres de Barcelona i Comarques","description":"La missi\u00f3 del Gremi \u00e9s la de defensar els  interessos de les empreses constructores i rehabilitadores agremiades i recolzar-les en les necessitats de la seva activitat mitjan\u00e7ant serveis, recursos, formaci\u00f3, assessorament i informaci\u00f3","potentialAction":[{"@type":"SearchAction","target":{"@type":"EntryPoint","urlTemplate":"https:\/\/www.gremi-obres.org\/?s={search_term_string}"},"query-input":{"@type":"PropertyValueSpecification","valueRequired":true,"valueName":"search_term_string"}}],"inLanguage":"es"},{"@type":"Person","@id":"https:\/\/www.gremi-obres.org\/#\/schema\/person\/0899d1bf9c0590005d47809f9315d840","name":"admin","image":{"@type":"ImageObject","inLanguage":"es","@id":"https:\/\/www.gremi-obres.org\/#\/schema\/person\/image\/","url":"https:\/\/secure.gravatar.com\/avatar\/01f1708c07ad1e96486b333b447c55a6639abb2e7fe8911639cdafa4ee687367?s=96&d=mm&r=g","contentUrl":"https:\/\/secure.gravatar.com\/avatar\/01f1708c07ad1e96486b333b447c55a6639abb2e7fe8911639cdafa4ee687367?s=96&d=mm&r=g","caption":"admin"},"url":"https:\/\/www.gremi-obres.org\/es\/author\/admin\/"}]}},"jetpack_featured_media_url":"https:\/\/www.gremi-obres.org\/wp-content\/uploads\/2019\/02\/agremiat-opina-carta-febrer-2019.png","_links":{"self":[{"href":"https:\/\/www.gremi-obres.org\/es\/wp-json\/wp\/v2\/posts\/23038","targetHints":{"allow":["GET"]}}],"collection":[{"href":"https:\/\/www.gremi-obres.org\/es\/wp-json\/wp\/v2\/posts"}],"about":[{"href":"https:\/\/www.gremi-obres.org\/es\/wp-json\/wp\/v2\/types\/post"}],"author":[{"embeddable":true,"href":"https:\/\/www.gremi-obres.org\/es\/wp-json\/wp\/v2\/users\/1"}],"replies":[{"embeddable":true,"href":"https:\/\/www.gremi-obres.org\/es\/wp-json\/wp\/v2\/comments?post=23038"}],"version-history":[{"count":1,"href":"https:\/\/www.gremi-obres.org\/es\/wp-json\/wp\/v2\/posts\/23038\/revisions"}],"predecessor-version":[{"id":23040,"href":"https:\/\/www.gremi-obres.org\/es\/wp-json\/wp\/v2\/posts\/23038\/revisions\/23040"}],"wp:featuredmedia":[{"embeddable":true,"href":"https:\/\/www.gremi-obres.org\/es\/wp-json\/wp\/v2\/media\/23037"}],"wp:attachment":[{"href":"https:\/\/www.gremi-obres.org\/es\/wp-json\/wp\/v2\/media?parent=23038"}],"wp:term":[{"taxonomy":"category","embeddable":true,"href":"https:\/\/www.gremi-obres.org\/es\/wp-json\/wp\/v2\/categories?post=23038"},{"taxonomy":"post_tag","embeddable":true,"href":"https:\/\/www.gremi-obres.org\/es\/wp-json\/wp\/v2\/tags?post=23038"}],"curies":[{"name":"wp","href":"https:\/\/api.w.org\/{rel}","templated":true}]}}